{"id":27934,"date":"2026-08-31T11:20:17","date_gmt":"2026-08-31T15:20:17","guid":{"rendered":"https:\/\/belacereais.com.br\/2026\/safra\/colheita-de-cafe-chega-a-93-no-cerrado-mineiro\/"},"modified":"2026-08-31T11:20:17","modified_gmt":"2026-08-31T15:20:17","slug":"colheita-de-cafe-chega-a-93-no-cerrado-mineiro","status":"publish","type":"post","link":"https:\/\/belacereais.com.br\/en\/2026\/safra\/colheita-de-cafe-chega-a-93-no-cerrado-mineiro\/","title":{"rendered":"Coffee harvest reaches 93% in Cerrado Mineiro"},"content":{"rendered":"<p><img decoding=\"async\" src=\"http:\/\/www.agrolink.com.br\/upload\/imagens-resizes\/697d512ae68a48f3b4330d4177f5cf6e_858x483.jpg\" \/><\/p>\n<div class=\"section-description section-description-noticias mt-3\">\n<p style=\"text-align:justify\">A colheita de <a href=\"https:\/\/www.agrolink.com.br\/culturas\/cafe\/?utm_source=agrolink-detalhe-noticia&amp;utm_medium=detalhe-noticia&amp;utm_campaign=links-internos\" target=\"_blank\" rel=\"noopener\">coffee<\/a>\u00a0ar\u00e1bica no Cerrado Mineiro chegou a 93% do total previsto at\u00e9 28 de agosto, enquanto 77% dos frutos j\u00e1 foram beneficiados. Segundo dados divulgados pela Cooperativa dos Cafeicultores do Cerrado (Expocacer), o rendimento m\u00e9dio est\u00e1 em 490 litros por saca de 60 quilos beneficiada, e as chuvas passaram a dificultar principalmente o recolhimento do caf\u00e9 de ch\u00e3o.\n<\/p>\n<div id=\"agk_14000_pos_3_sidebar_mobile\" style=\"text-align: center;\" class=\"mb-4\">\n<\/div>\n<div id=\"agk_14000_pos_4_conteudo_desktop\" style=\"text-align: center;\" class=\"d-none d-lg-block mb-md-4\">\n<\/div>\n<p style=\"text-align:justify\">No mesmo per\u00edodo da safra passada, quando a produ\u00e7\u00e3o foi menor, os trabalhos estavam em 95%. Segundo dados divulgados pela Expocacer, com a safra entrando na fase final, as aten\u00e7\u00f5es dos produtores est\u00e3o cada vez mais concentradas na conclus\u00e3o das opera\u00e7\u00f5es de campo. Os t\u00e9cnicos da cooperativa identificaram, durante o trabalho nas propriedades, que cerca de 30% do caf\u00e9 desta safra caiu no ch\u00e3o em decorr\u00eancia das chuvas. Desse total, aproximadamente 54% j\u00e1 foi levantado. \u201cDessa forma, a colheita de ch\u00e3o se apresenta como uma das principais atividades a serem intensificadas neste momento\u201d, pontuam os t\u00e9cnicos da Expocacer.<\/p>\n<p style=\"text-align:justify\">Segundo dados divulgados pela Expocacer, o cen\u00e1rio de tempo seco observado anteriormente deu lugar \u00e0 ocorr\u00eancia de chuvas nos \u00faltimos dias, com volumes significativos em diferentes regi\u00f5es do Cerrado Mineiro.<\/p>\n<p style=\"text-align:justify\">O aumento da umidade tem interferido no ritmo das opera\u00e7\u00f5es, principalmente no recolhimento do caf\u00e9 de ch\u00e3o. Algumas atividades mecanizadas precisam ser interrompidas ou adiadas diante das condi\u00e7\u00f5es encontradas no campo. Em determinadas situa\u00e7\u00f5es, o caf\u00e9 j\u00e1 \u201cenleirado\u201d, com os gr\u00e3os agrupados no ch\u00e3o para a colheita, precisa ser novamente esparramado para secagem antes do recolhimento.<\/p>\n<p style=\"text-align:justify\">A possibilidade de novas chuvas nos pr\u00f3ximos dias pode dificultar ainda mais esse processo. Por isso, os t\u00e9cnicos da Expocacer consideram fundamental aproveitar as janelas de tempo favor\u00e1vel para retomar e intensificar o recolhimento. A medida busca evitar que os frutos permane\u00e7am \u00famidos por per\u00edodos prolongados e reduzir os riscos de perda de qualidade.<\/p>\n<p style=\"text-align:justify\">O percentual m\u00e9dio de cata\u00e7\u00e3o dos caf\u00e9s recebidos permanece acima de 20%. Segundo dados divulgados pela Expocacer, o comportamento est\u00e1 associado principalmente ao aumento da participa\u00e7\u00e3o dos caf\u00e9s provenientes do ch\u00e3o. Ap\u00f3s a ocorr\u00eancia das chuvas, outro ponto de aten\u00e7\u00e3o \u00e9 a florada em algumas lavouras. Os t\u00e9cnicos recomendam que os produtores acompanhem de perto a evolu\u00e7\u00e3o dos bot\u00f5es florais e das floradas que possam ocorrer neste per\u00edodo.\n<\/p>\n<div id=\"agk_14000_pos_4_conteudo_mobile\" style=\"text-align: center;\" class=\"mb-4\">\n<\/div>\n<div id=\"agk_14000_pos_5_conteudo_desktop\" style=\"text-align: center;\" class=\"d-none d-lg-block mb-md-4\">\n<\/div>\n<p style=\"text-align:justify\">Nas \u00e1reas irrigadas, o manejo da irriga\u00e7\u00e3o tamb\u00e9m deve ser mantido, com os ajustes necess\u00e1rios de acordo com a umidade do solo, a evapotranspira\u00e7\u00e3o e as condi\u00e7\u00f5es de cada \u00e1rea. Segundo dados divulgados pela Expocacer, o objetivo \u00e9 manter disponibilidade h\u00eddrica adequada e reduzir poss\u00edveis perdas na florada e no pegamento dos frutos.<\/p>\n<p style=\"text-align:justify\">O per\u00edodo mais recente foi marcado por uma mudan\u00e7a nas condi\u00e7\u00f5es meteorol\u00f3gicas da regi\u00e3o. Ap\u00f3s um per\u00edodo prolongado de tempo predominantemente seco, foram registrados volumes de chuva mais expressivos. Segundo dados divulgados pela Expocacer, as m\u00e9dias acumuladas variaram de 5 a 29 mil\u00edmetros, dependendo da localidade.<\/p>\n<p style=\"text-align:justify\">A ocorr\u00eancia das chuvas representa uma mudan\u00e7a importante no padr\u00e3o meteorol\u00f3gico observado nas \u00faltimas semanas e elevou pontualmente a disponibilidade h\u00eddrica na regi\u00e3o ap\u00f3s um per\u00edodo de baixa precipita\u00e7\u00e3o. Para os pr\u00f3ximos dias, os t\u00e9cnicos recomendam aten\u00e7\u00e3o \u00e0 possibilidade de novas chuvas, com maior probabilidade a partir de 2 de setembro. As temperaturas m\u00e1ximas devem variar entre 29\u00b0C e 32\u00b0C, enquanto as m\u00ednimas devem oscilar entre 11\u00b0C e 17\u00b0C, mantendo a tend\u00eancia de noites e manh\u00e3s mais amenas.<\/p>\n<p style=\"text-align:justify\">Expocacer projeta produ\u00e7\u00e3o de 2,8 milh\u00f5es de sacas<\/p>\n<p style=\"text-align:justify\">Com faturamento aproximado de R$ 3 bilh\u00f5es em 2025 e mais de 800 produtores associados, a Cooperativa dos Cafeicultores do Cerrado projeta produ\u00e7\u00e3o de 2,8 milh\u00f5es de sacas de caf\u00e9 ar\u00e1bica em sua regi\u00e3o de abrang\u00eancia em 2026.<\/p>\n<p style=\"text-align:justify\">Segundo dados divulgados pela Expocacer, atualmente s\u00e3o 19,4 mil hectares de caf\u00e9 certificados em cafeicultura regenerativa e 29 mil hectares conduzidos sob manejo regenerativo.<\/p>\n<p style=\"text-align:justify\">A cooperativa se tornou a primeira do mundo a conquistar a certifica\u00e7\u00e3o em Agricultura Regenerativa da Regenagri\u00ae, concedida pela Control Union ap\u00f3s auditoria independente. A entidade tamb\u00e9m passou por recentes auditorias e validou processos e propriedades cooperadas junto \u00e0 Rainforest Alliance. O avan\u00e7o inclui a adequa\u00e7\u00e3o aos padr\u00f5es Sustainable Agriculture Standard (SAS) e Regenerative Agriculture Standard (RAS).\n<\/p>\n<div id=\"agk_14000_pos_5_conteudo_mobile\" style=\"text-align: center;\" class=\"mb-4\">\n<\/div>\n<p style=\"text-align:justify\">A adequa\u00e7\u00e3o aos padr\u00f5es internacionais amplia o alinhamento da cadeia produtiva da Expocacer \u00e0s exig\u00eancias socioambientais do mercado global. A cooperativa \u00e9 ainda uma das seis que comp\u00f5em a governan\u00e7a da Regi\u00e3o do Cerrado Mineiro, primeira Denomina\u00e7\u00e3o de Origem para caf\u00e9 no Brasil. A Indica\u00e7\u00e3o Geogr\u00e1fica abrange 55 munic\u00edpios e conta com a participa\u00e7\u00e3o direta de mais de 4.500 produtores, distribu\u00eddos em 250 mil hectares de \u00e1rea plantada. O territ\u00f3rio \u00e9 demarcado para a produ\u00e7\u00e3o de um caf\u00e9 com caracter\u00edsticas \u00fanicas, associadas \u00e0 regi\u00e3o de origem.<\/p>\n<p style=\"text-align:justify\">Neste momento, a prioridade nas propriedades \u00e9 concluir a colheita e avan\u00e7ar, principalmente, no recolhimento do caf\u00e9 de ch\u00e3o sempre que as condi\u00e7\u00f5es permitirem. Segundo dados divulgados pela Expocacer, o acompanhamento das previs\u00f5es meteorol\u00f3gicas deve permanecer entre as prioridades, paralelamente aos cuidados com irriga\u00e7\u00e3o, florada e sanidade das lavouras.<\/p>\n<\/p><\/div>\n<h6><em>THE <strong>Bela Cereais<\/strong> works with the best grains on the market and also keeps you up to date with the latest news and analyses on agribusiness.<br \/>\nDon&#039;t forget to follow our social networks.<\/em><\/h6>\n<p><a href=\"https:\/\/www.agrolink.com.br\/noticias\/colheita-de-cafe-chega-a-93--no-cerrado-mineiro_518367.html\" target=\"_blank\" rel=\"noopener\">Access News Source <\/a><\/p>","protected":false},"excerpt":{"rendered":"<p>A colheita de caf\u00e9\u00a0ar\u00e1bica no Cerrado Mineiro chegou a 93% do total previsto at\u00e9 28&hellip;<\/p>","protected":false},"author":1,"featured_media":27935,"comment_status":"","ping_status":"","sticky":false,"template":"","format":"standard","meta":{"footnotes":""},"categories":[258],"tags":[244,248,255,249,254,250,246,247,256,245,253,252,251],"class_list":["post-27934","post","type-post","status-publish","format-standard","has-post-thumbnail","hentry","category-safra","tag-agrolink","tag-agrotoxicos","tag-artigos-tecnicos","tag-classificados","tag-colunistas","tag-compra","tag-cotacoes","tag-defensivos","tag-eventos","tag-noticias","tag-precos-agricolas","tag-previsao-do-tempo","tag-venda"],"_links":{"self":[{"href":"https:\/\/belacereais.com.br\/en\/wp-json\/wp\/v2\/posts\/27934","targetHints":{"allow":["GET"]}}],"collection":[{"href":"https:\/\/belacereais.com.br\/en\/wp-json\/wp\/v2\/posts"}],"about":[{"href":"https:\/\/belacereais.com.br\/en\/wp-json\/wp\/v2\/types\/post"}],"author":[{"embeddable":true,"href":"https:\/\/belacereais.com.br\/en\/wp-json\/wp\/v2\/users\/1"}],"replies":[{"embeddable":true,"href":"https:\/\/belacereais.com.br\/en\/wp-json\/wp\/v2\/comments?post=27934"}],"version-history":[{"count":0,"href":"https:\/\/belacereais.com.br\/en\/wp-json\/wp\/v2\/posts\/27934\/revisions"}],"wp:featuredmedia":[{"embeddable":true,"href":"https:\/\/belacereais.com.br\/en\/wp-json\/wp\/v2\/media\/27935"}],"wp:attachment":[{"href":"https:\/\/belacereais.com.br\/en\/wp-json\/wp\/v2\/media?parent=27934"}],"wp:term":[{"taxonomy":"category","embeddable":true,"href":"https:\/\/belacereais.com.br\/en\/wp-json\/wp\/v2\/categories?post=27934"},{"taxonomy":"post_tag","embeddable":true,"href":"https:\/\/belacereais.com.br\/en\/wp-json\/wp\/v2\/tags?post=27934"}],"curies":[{"name":"wp","href":"https:\/\/api.w.org\/{rel}","templated":true}]}}