{"id":27936,"date":"2026-08-31T14:32:20","date_gmt":"2026-08-31T18:32:20","guid":{"rendered":"https:\/\/belacereais.com.br\/2026\/soja\/soja-veja-os-fatores-que-podem-mexer-com-os-precos\/"},"modified":"2026-08-31T14:32:20","modified_gmt":"2026-08-31T18:32:20","slug":"soja-veja-os-fatores-que-podem-mexer-com-os-precos","status":"publish","type":"post","link":"https:\/\/belacereais.com.br\/en\/2026\/soja\/soja-veja-os-fatores-que-podem-mexer-com-os-precos\/","title":{"rendered":"Soybeans: see the factors that can affect prices."},"content":{"rendered":"<p><img decoding=\"async\" src=\"http:\/\/www.agrolink.com.br\/upload\/imagens-resizes\/59b6f442c49746cb8b0dcd39754853e9_858x483.jpg\" \/><\/p>\n<div class=\"section-description section-description-noticias mt-3\">\n<p style=\"text-align:justify\">The market of <a href=\"https:\/\/www.agrolink.com.br\/culturas\/soja?utm_source=agrolink-detalhe-noticia&amp;utm_medium=detalhe-noticia&amp;utm_campaign=links-internos\" target=\"_blank\" rel=\"noopener\">soy<\/a> come\u00e7a a semana sob influ\u00eancia das condi\u00e7\u00f5es da safra dos Estados Unidos, dos estoques globais e da abertura da janela de plantio da temporada 2026\/27 no Brasil. Segundo a an\u00e1lise \u201cDireto do Campo\u201d, da Grainsights, produzida pela Gr\u00e3o Direto nesta segunda-feira (31), o cen\u00e1rio tamb\u00e9m \u00e9 marcado pela expectativa de um El Ni\u00f1o de forte intensidade.\n<\/p>\n<div id=\"agk_14000_pos_3_sidebar_mobile\" style=\"text-align: center;\" class=\"mb-4\">\n<\/div>\n<div id=\"agk_14000_pos_4_conteudo_desktop\" style=\"text-align: center;\" class=\"d-none d-lg-block mb-md-4\">\n<\/div>\n<p style=\"text-align:justify\">Na Bolsa de Chicago (CBOT), o mercado internacional acompanha o fechamento do quadro produtivo da soja norte-americana. Segundo a an\u00e1lise da Grainsights\/Gr\u00e3o Direto, o aumento da produ\u00e7\u00e3o projetado pelo Departamento de Agricultura dos Estados Unidos (USDA) em agosto foi resultado da expans\u00e3o da \u00e1rea colhida, que compensou o recuo na produtividade.<\/p>\n<p style=\"text-align:justify\">O cen\u00e1rio, por\u00e9m, ainda passa por uma fase importante de defini\u00e7\u00e3o do rendimento das lavouras. Ao mesmo tempo, o \u00edndice de \u00e1reas classificadas em condi\u00e7\u00f5es boas a excelentes vem apresentando recuos.<\/p>\n<p style=\"text-align:justify\">Com isso, os contratos futuros de soja mant\u00eam suporte pr\u00f3ximo de US$ 13 por bushel, diante de um balan\u00e7o considerado sem folgas no Meio-Oeste dos Estados Unidos, segundo dados divulgados pela Grainsights\/Gr\u00e3o Direto.<\/p>\n<p style=\"text-align:justify\">Para os pr\u00f3ximos dias, a dire\u00e7\u00e3o das cota\u00e7\u00f5es depender\u00e1 principalmente dos relat\u00f3rios sobre as condi\u00e7\u00f5es das lavouras e das previs\u00f5es de precipita\u00e7\u00e3o para o Meio-Oeste norte-americano.<\/p>\n<p style=\"text-align:justify\">No mercado internacional, a rela\u00e7\u00e3o entre estoques e esmagamento est\u00e1 cada vez mais estreita para a temporada 2026\/27. Segundo dados divulgados pela Grainsights\/Gr\u00e3o Direto, essa din\u00e2mica contribui para manter a firmeza dos pre\u00e7os internacionais e tamb\u00e9m oferece sustenta\u00e7\u00e3o aos pr\u00eamios portu\u00e1rios brasileiros. O movimento ajuda a neutralizar parte das press\u00f5es sazonais provocadas pela colheita no Hemisf\u00e9rio Norte.<\/p>\n<p style=\"text-align:justify\">No cen\u00e1rio dom\u00e9stico, a semana marca o encerramento do vazio sanit\u00e1rio e a abertura oficial da janela de semeadura da safra 2026\/27. No Paran\u00e1 e em \u00e1reas de S\u00e3o Paulo, o plantio da soja est\u00e1 autorizado a partir de 1\u00ba de setembro. No Mato Grosso, o vazio sanit\u00e1rio termina em 6 de setembro, com a libera\u00e7\u00e3o das opera\u00e7\u00f5es prevista para o dia 7.\n<\/p>\n<div id=\"agk_14000_pos_4_conteudo_mobile\" style=\"text-align: center;\" class=\"mb-4\">\n<\/div>\n<div id=\"agk_14000_pos_5_conteudo_desktop\" style=\"text-align: center;\" class=\"d-none d-lg-block mb-md-4\">\n<\/div>\n<p style=\"text-align:justify\">Com a abertura da janela, o foco dos produtores passa para a regularidade das chuvas e para a gest\u00e3o fitossanit\u00e1ria preventiva. Segundo a an\u00e1lise da Grainsights\/Gr\u00e3o Direto, esse momento exige disciplina no manejo antecipado e aten\u00e7\u00e3o aos custos com defensivos.<\/p>\n<p style=\"text-align:justify\">A consolida\u00e7\u00e3o de um fen\u00f4meno El Ni\u00f1o de forte intensidade aumenta a preocupa\u00e7\u00e3o com a regularidade das chuvas no Centro-Oeste e no MATOPIBA, especialmente com o in\u00edcio da nova janela de plantio. Nesse cen\u00e1rio, o produtor precisa avaliar o momento de iniciar a semeadura. Uma das decis\u00f5es envolve antecipar o plantio diante de precipita\u00e7\u00f5es isoladas ou esperar a recomposi\u00e7\u00e3o da umidade do solo para reduzir o risco de replantios.<\/p>\n<p style=\"text-align:justify\">Segundo dados divulgados pela Grainsights\/Gr\u00e3o Direto, a escolha \u00e9 estrat\u00e9gica, j\u00e1 que eventuais replantios podem elevar os custos da opera\u00e7\u00e3o. A combina\u00e7\u00e3o entre clima, manejo fitossanit\u00e1rio e custos deve exigir planejamento nas pr\u00f3ximas semanas. A an\u00e1lise aponta que o segundo semestre ser\u00e1 marcado por decis\u00f5es importantes e por um mercado sujeito a oscila\u00e7\u00f5es.\n<\/p>\n<div id=\"agk_14000_pos_5_conteudo_mobile\" style=\"text-align: center;\" class=\"mb-4\">\n<\/div><\/div>\n<h6><em>THE <strong>Bela Cereais<\/strong> works with the best grains on the market and also keeps you up to date with the latest news and analyses on agribusiness.<br \/>\nDon&#039;t forget to follow our social networks.<\/em><\/h6>\n<p><a href=\"https:\/\/www.agrolink.com.br\/noticias\/soja--veja-os-fatores-que-podem-mexer-com-os-precos_518373.html\" target=\"_blank\" rel=\"noopener\">Access News Source <\/a><\/p>","protected":false},"excerpt":{"rendered":"<p>O mercado de soja come\u00e7a a semana sob influ\u00eancia das condi\u00e7\u00f5es da safra dos Estados&hellip;<\/p>","protected":false},"author":1,"featured_media":27813,"comment_status":"","ping_status":"","sticky":false,"template":"","format":"standard","meta":{"footnotes":""},"categories":[259],"tags":[244,248,255,249,254,250,246,247,256,245,253,252,251],"class_list":["post-27936","post","type-post","status-publish","format-standard","has-post-thumbnail","hentry","category-soja","tag-agrolink","tag-agrotoxicos","tag-artigos-tecnicos","tag-classificados","tag-colunistas","tag-compra","tag-cotacoes","tag-defensivos","tag-eventos","tag-noticias","tag-precos-agricolas","tag-previsao-do-tempo","tag-venda"],"_links":{"self":[{"href":"https:\/\/belacereais.com.br\/en\/wp-json\/wp\/v2\/posts\/27936","targetHints":{"allow":["GET"]}}],"collection":[{"href":"https:\/\/belacereais.com.br\/en\/wp-json\/wp\/v2\/posts"}],"about":[{"href":"https:\/\/belacereais.com.br\/en\/wp-json\/wp\/v2\/types\/post"}],"author":[{"embeddable":true,"href":"https:\/\/belacereais.com.br\/en\/wp-json\/wp\/v2\/users\/1"}],"replies":[{"embeddable":true,"href":"https:\/\/belacereais.com.br\/en\/wp-json\/wp\/v2\/comments?post=27936"}],"version-history":[{"count":0,"href":"https:\/\/belacereais.com.br\/en\/wp-json\/wp\/v2\/posts\/27936\/revisions"}],"wp:featuredmedia":[{"embeddable":true,"href":"https:\/\/belacereais.com.br\/en\/wp-json\/wp\/v2\/media\/27813"}],"wp:attachment":[{"href":"https:\/\/belacereais.com.br\/en\/wp-json\/wp\/v2\/media?parent=27936"}],"wp:term":[{"taxonomy":"category","embeddable":true,"href":"https:\/\/belacereais.com.br\/en\/wp-json\/wp\/v2\/categories?post=27936"},{"taxonomy":"post_tag","embeddable":true,"href":"https:\/\/belacereais.com.br\/en\/wp-json\/wp\/v2\/tags?post=27936"}],"curies":[{"name":"wp","href":"https:\/\/api.w.org\/{rel}","templated":true}]}}