{"id":27944,"date":"2026-09-01T01:36:54","date_gmt":"2026-09-01T05:36:54","guid":{"rendered":"https:\/\/belacereais.com.br\/2026\/arroz\/clima-acende-alerta-sobre-safra-asiatica-de-arroz\/"},"modified":"2026-09-01T01:36:54","modified_gmt":"2026-09-01T05:36:54","slug":"clima-acende-alerta-sobre-safra-asiatica-de-arroz","status":"publish","type":"post","link":"https:\/\/belacereais.com.br\/en\/2026\/arroz\/clima-acende-alerta-sobre-safra-asiatica-de-arroz\/","title":{"rendered":"Climate raises alert about Asian rice harvest."},"content":{"rendered":"<p><img decoding=\"async\" src=\"http:\/\/www.agrolink.com.br\/upload\/imagens-resizes\/caac3e5b7d6944f3a0fa77d530eb04a7_858x483.jpg\" \/><\/p>\n<div class=\"section-description section-description-noticias mt-3\">\n<p>O clima come\u00e7a a ampliar as incertezas sobre a safra asi\u00e1tica de arroz, com eventos extremos atingindo importantes pa\u00edses produtores. Segundo Sergio Cardoso, analista da cadeia de arroz, ainda \u00e9 cedo para falar em quebra de safra, mas a sequ\u00eancia de ocorr\u00eancias j\u00e1 merece aten\u00e7\u00e3o do mercado.\n<\/p>\n<div id=\"agk_14000_pos_3_sidebar_mobile\" style=\"text-align: center;\" class=\"mb-4\">\n<\/div>\n<div id=\"agk_14000_pos_4_conteudo_desktop\" style=\"text-align: center;\" class=\"d-none d-lg-block mb-md-4\">\n<\/div>\n<p>Nas Filipinas, ciclones e chuvas intensas atingiram mais de 62 mil hectares agr\u00edcolas, com perdas estimadas em cerca de 61 mil toneladas entre diferentes culturas. O arroz est\u00e1 entre os produtos afetados, enquanto os preju\u00edzos seguem em levantamento.<\/p>\n<p>Na \u00cdndia, o cen\u00e1rio \u00e9 diferente, com d\u00e9ficit relevante de precipita\u00e7\u00e3o durante a mon\u00e7\u00e3o e preocupa\u00e7\u00e3o sobre poss\u00edveis efeitos na produtividade. Os pre\u00e7os j\u00e1 reagiram, e o arroz parboilizado indiano com 5% de quebrados \u00e9 negociado entre US$ 366 e US$ 371 por tonelada, pr\u00f3ximo das m\u00e1ximas de um ano.\n<\/p>\n<div id=\"agk_14000_pos_4_conteudo_mobile\" style=\"text-align: center;\" class=\"mb-4\">\n<\/div>\n<div id=\"agk_14000_pos_5_conteudo_desktop\" style=\"text-align: center;\" class=\"d-none d-lg-block mb-md-4\">\n<\/div>\n<p>No Vietn\u00e3, as aten\u00e7\u00f5es se concentram nas chuvas e inunda\u00e7\u00f5es recentes e na disponibilidade de \u00e1gua no sistema do Mekong diante das condi\u00e7\u00f5es associadas ao El Ni\u00f1o. Na China, fortes chuvas e tuf\u00f5es seguem atingindo regi\u00f5es agr\u00edcolas, embora ainda n\u00e3o haja elementos suficientes para indicar redu\u00e7\u00e3o significativa da produ\u00e7\u00e3o nacional.<\/p>\n<p>A avalia\u00e7\u00e3o \u00e9 que os eventos, isoladamente, ainda n\u00e3o alteram o balan\u00e7o mundial do arroz. O risco aumenta se \u00cdndia, China, Vietn\u00e3 ou Tail\u00e2ndia passarem a revisar para baixo suas estimativas de produ\u00e7\u00e3o. Uma eventual redu\u00e7\u00e3o na \u00cdndia, maior exportador mundial, pode ter reflexos r\u00e1pidos nos pre\u00e7os internacionais.\n<\/p>\n<div id=\"agk_14000_pos_5_conteudo_mobile\" style=\"text-align: center;\" class=\"mb-4\">\n<\/div>\n<p>O quadro tamb\u00e9m interessa ao Mercosul, que inicia a safra 2026\/27 sob incertezas clim\u00e1ticas no Brasil, Uruguai, Argentina e Paraguai. Por enquanto, n\u00e3o h\u00e1 crise de oferta, mas a combina\u00e7\u00e3o de excesso de chuva, d\u00e9ficit h\u00eddrico e poss\u00edveis efeitos do El Ni\u00f1o mant\u00e9m o mercado em alerta.<\/p>\n<p>\n\u00a0<\/p>\n<\/p><\/div>\n<h6><em>THE <strong>Bela Cereais<\/strong> It works with the best rice grains on the market and also keeps you up-to-date on the latest news and analysis about agribusiness.<br \/>\nDon&#039;t forget to follow our social networks.<\/em><\/h6>\n<p><a href=\"https:\/\/www.agrolink.com.br\/noticias\/clima-acende-alerta-sobre-safra-asiatica-de-arroz_518388.html\" target=\"_blank\" rel=\"noopener\">Access News Source <\/a><\/p>","protected":false},"excerpt":{"rendered":"<p>O clima come\u00e7a a ampliar as incertezas sobre a safra asi\u00e1tica de arroz, com eventos&hellip;<\/p>","protected":false},"author":1,"featured_media":27945,"comment_status":"","ping_status":"","sticky":false,"template":"","format":"standard","meta":{"footnotes":""},"categories":[204],"tags":[244,248,255,249,254,250,246,247,256,245,253,252,251],"class_list":["post-27944","post","type-post","status-publish","format-standard","has-post-thumbnail","hentry","category-arroz","tag-agrolink","tag-agrotoxicos","tag-artigos-tecnicos","tag-classificados","tag-colunistas","tag-compra","tag-cotacoes","tag-defensivos","tag-eventos","tag-noticias","tag-precos-agricolas","tag-previsao-do-tempo","tag-venda"],"_links":{"self":[{"href":"https:\/\/belacereais.com.br\/en\/wp-json\/wp\/v2\/posts\/27944","targetHints":{"allow":["GET"]}}],"collection":[{"href":"https:\/\/belacereais.com.br\/en\/wp-json\/wp\/v2\/posts"}],"about":[{"href":"https:\/\/belacereais.com.br\/en\/wp-json\/wp\/v2\/types\/post"}],"author":[{"embeddable":true,"href":"https:\/\/belacereais.com.br\/en\/wp-json\/wp\/v2\/users\/1"}],"replies":[{"embeddable":true,"href":"https:\/\/belacereais.com.br\/en\/wp-json\/wp\/v2\/comments?post=27944"}],"version-history":[{"count":0,"href":"https:\/\/belacereais.com.br\/en\/wp-json\/wp\/v2\/posts\/27944\/revisions"}],"wp:featuredmedia":[{"embeddable":true,"href":"https:\/\/belacereais.com.br\/en\/wp-json\/wp\/v2\/media\/27945"}],"wp:attachment":[{"href":"https:\/\/belacereais.com.br\/en\/wp-json\/wp\/v2\/media?parent=27944"}],"wp:term":[{"taxonomy":"category","embeddable":true,"href":"https:\/\/belacereais.com.br\/en\/wp-json\/wp\/v2\/categories?post=27944"},{"taxonomy":"post_tag","embeddable":true,"href":"https:\/\/belacereais.com.br\/en\/wp-json\/wp\/v2\/tags?post=27944"}],"curies":[{"name":"wp","href":"https:\/\/api.w.org\/{rel}","templated":true}]}}