{"id":27946,"date":"2026-09-01T01:44:14","date_gmt":"2026-09-01T05:44:14","guid":{"rendered":"https:\/\/belacereais.com.br\/2026\/exportacoes\/instituicao-preve-superavit-no-mercado-de-cafe\/"},"modified":"2026-09-01T01:44:14","modified_gmt":"2026-09-01T05:44:14","slug":"instituicao-preve-superavit-no-mercado-de-cafe","status":"publish","type":"post","link":"https:\/\/belacereais.com.br\/en\/2026\/exportacoes\/instituicao-preve-superavit-no-mercado-de-cafe\/","title":{"rendered":"Institution forecasts surplus in the coffee market."},"content":{"rendered":"<p><img decoding=\"async\" src=\"http:\/\/www.agrolink.com.br\/upload\/imagens-resizes\/fdedb9396a0941a2899b017fc41f6120_858x483.jpg\" \/><\/p>\n<div class=\"section-description section-description-noticias mt-3\">\n<p>O mercado global de caf\u00e9 caminha para uma situa\u00e7\u00e3o de oferta mais confort\u00e1vel em 2026\/27, embora o ajuste esteja ocorrendo de forma mais lenta e irregular do que o previsto anteriormente. A avalia\u00e7\u00e3o \u00e9 do Rabobank, que mant\u00e9m a proje\u00e7\u00e3o de um super\u00e1vit de 8,9 milh\u00f5es de sacas na temporada, apesar das dificuldades observadas no curto prazo.\n<\/p>\n<div id=\"agk_14000_pos_3_sidebar_mobile\" style=\"text-align: center;\" class=\"mb-4\">\n<\/div>\n<div id=\"agk_14000_pos_4_conteudo_desktop\" style=\"text-align: center;\" class=\"d-none d-lg-block mb-md-4\">\n<\/div>\n<p>Um dos principais fatores de aten\u00e7\u00e3o est\u00e1 no mercado de ar\u00e1bica. Atrasos nas exporta\u00e7\u00f5es do Brasil e da Col\u00f4mbia devem manter reduzidos os estoques certificados pela ICE durante v\u00e1rias semanas. Segundo a an\u00e1lise, uma reposi\u00e7\u00e3o mais significativa desses volumes \u00e9 pouco prov\u00e1vel antes de novembro. No caso do robusta, o cen\u00e1rio \u00e9 diferente, j\u00e1 que os estoques certificados come\u00e7aram a apresentar recupera\u00e7\u00e3o.<\/p>\n<p>As condi\u00e7\u00f5es clim\u00e1ticas tamb\u00e9m permanecem no radar. O El Ni\u00f1o representa riscos efetivos para diferentes regi\u00f5es produtoras, mas o Rabobank avalia que os pre\u00e7os de mercado j\u00e1 refletem, em intensidade crescente, a expectativa em torno desses poss\u00edveis impactos, e n\u00e3o necessariamente efeitos que j\u00e1 tenham se concretizado nas lavouras.\n<\/p>\n<div id=\"agk_14000_pos_4_conteudo_mobile\" style=\"text-align: center;\" class=\"mb-4\">\n<\/div>\n<div id=\"agk_14000_pos_5_conteudo_desktop\" style=\"text-align: center;\" class=\"d-none d-lg-block mb-md-4\">\n<\/div>\n<p>Do lado da demanda, come\u00e7am a aparecer sinais mais claros de rea\u00e7\u00e3o aos pre\u00e7os elevados. As importa\u00e7\u00f5es realizadas por pa\u00edses n\u00e3o produtores recuaram 6,2% no segundo trimestre em compara\u00e7\u00e3o com igual per\u00edodo do ano anterior. No acumulado dos \u00faltimos 12 meses, a queda foi de 0,6%.<\/p>\n<p>Mesmo com a expectativa de um balan\u00e7o global amplamente superavit\u00e1rio em 2026\/27, a combina\u00e7\u00e3o entre estoques apertados de ar\u00e1bica, atrasos nas exporta\u00e7\u00f5es e riscos clim\u00e1ticos indica que a transi\u00e7\u00e3o para um mercado mais abastecido ainda pode enfrentar per\u00edodos de volatilidade.\n<\/p>\n<div id=\"agk_14000_pos_5_conteudo_mobile\" style=\"text-align: center;\" class=\"mb-4\">\n<\/div>\n<p>\n\u00a0<\/p>\n<\/p><\/div>\n<h6><em>THE <strong>Bela Cereais<\/strong> works with the best grains on the market and also keeps you up to date with the latest news and analyses on agribusiness.<br \/>\nDon&#039;t forget to follow our social networks.<\/em><\/h6>\n<p><a href=\"https:\/\/www.agrolink.com.br\/noticias\/instituicao-preve-superavit-no-mercado-de-cafe_518387.html\" target=\"_blank\" rel=\"noopener\">Access News Source <\/a><\/p>","protected":false},"excerpt":{"rendered":"<p>O mercado global de caf\u00e9 caminha para uma situa\u00e7\u00e3o de oferta mais confort\u00e1vel em 2026\/27,&hellip;<\/p>","protected":false},"author":1,"featured_media":27947,"comment_status":"","ping_status":"","sticky":false,"template":"","format":"standard","meta":{"footnotes":""},"categories":[7],"tags":[244,248,255,249,254,250,246,247,256,245,253,252,251],"class_list":["post-27946","post","type-post","status-publish","format-standard","has-post-thumbnail","hentry","category-exportacoes","tag-agrolink","tag-agrotoxicos","tag-artigos-tecnicos","tag-classificados","tag-colunistas","tag-compra","tag-cotacoes","tag-defensivos","tag-eventos","tag-noticias","tag-precos-agricolas","tag-previsao-do-tempo","tag-venda"],"_links":{"self":[{"href":"https:\/\/belacereais.com.br\/en\/wp-json\/wp\/v2\/posts\/27946","targetHints":{"allow":["GET"]}}],"collection":[{"href":"https:\/\/belacereais.com.br\/en\/wp-json\/wp\/v2\/posts"}],"about":[{"href":"https:\/\/belacereais.com.br\/en\/wp-json\/wp\/v2\/types\/post"}],"author":[{"embeddable":true,"href":"https:\/\/belacereais.com.br\/en\/wp-json\/wp\/v2\/users\/1"}],"replies":[{"embeddable":true,"href":"https:\/\/belacereais.com.br\/en\/wp-json\/wp\/v2\/comments?post=27946"}],"version-history":[{"count":0,"href":"https:\/\/belacereais.com.br\/en\/wp-json\/wp\/v2\/posts\/27946\/revisions"}],"wp:featuredmedia":[{"embeddable":true,"href":"https:\/\/belacereais.com.br\/en\/wp-json\/wp\/v2\/media\/27947"}],"wp:attachment":[{"href":"https:\/\/belacereais.com.br\/en\/wp-json\/wp\/v2\/media?parent=27946"}],"wp:term":[{"taxonomy":"category","embeddable":true,"href":"https:\/\/belacereais.com.br\/en\/wp-json\/wp\/v2\/categories?post=27946"},{"taxonomy":"post_tag","embeddable":true,"href":"https:\/\/belacereais.com.br\/en\/wp-json\/wp\/v2\/tags?post=27946"}],"curies":[{"name":"wp","href":"https:\/\/api.w.org\/{rel}","templated":true}]}}