{"id":27948,"date":"2026-09-01T05:51:26","date_gmt":"2026-09-01T09:51:26","guid":{"rendered":"https:\/\/belacereais.com.br\/2026\/soja\/frete-e-custos-pesam-sobre-mercado-da-soja\/"},"modified":"2026-09-01T05:51:26","modified_gmt":"2026-09-01T09:51:26","slug":"frete-e-custos-pesam-sobre-mercado-da-soja","status":"publish","type":"post","link":"https:\/\/belacereais.com.br\/en\/2026\/soja\/frete-e-custos-pesam-sobre-mercado-da-soja\/","title":{"rendered":"Freight and costs weigh on the soybean market."},"content":{"rendered":"<p><img decoding=\"async\" src=\"http:\/\/www.agrolink.com.br\/upload\/imagens-resizes\/6af4098d11e64571b86680d450a65ad3_858x483.jpg\" \/><\/p>\n<div class=\"section-description section-description-noticias mt-3\">\n<p>The Brazilian market of <a href=\"https:\/\/www.agrolink.com.br\/culturas\/soja?utm_source=agrolink-detalhe-noticia&amp;utm_medium=detalhe-noticia&amp;utm_campaign=links-internos\" target=\"_blank\" rel=\"noopener\">soy<\/a> encerrou a segunda-feira, 31 de agosto, com diferen\u00e7as relevantes entre as cota\u00e7\u00f5es do interior e dos portos, al\u00e9m de movimentos distintos entre as principais regi\u00f5es produtoras. Segundo a TF Agroecon\u00f4mica, o cen\u00e1rio combinou valoriza\u00e7\u00e3o em algumas pra\u00e7as, press\u00e3o de custos log\u00edsticos e preocupa\u00e7\u00e3o dos produtores com clima e margens para a pr\u00f3xima safra.\n<\/p>\n<div id=\"agk_14000_pos_3_sidebar_mobile\" style=\"text-align: center;\" class=\"mb-4\">\n<\/div>\n<div id=\"agk_14000_pos_4_conteudo_desktop\" style=\"text-align: center;\" class=\"d-none d-lg-block mb-md-4\">\n<\/div>\n<p>No Rio Grande do Sul, a diferen\u00e7a entre o balc\u00e3o e o porto chegou a cerca de R$ 21 a R$ 24 por saca. No interior, Iju\u00ed marcou R$ 146,00, Cruz Alta R$ 145,50, Passo Fundo R$ 146,50 e Santa Rosa R$ 147,00. No porto de Rio Grande, a refer\u00eancia ficou em R$ 157,50, enquanto neg\u00f3cios dispon\u00edveis chegaram a R$ 156,00 e o contrato de setembro a R$ 159,00.<\/p>\n<p>Em Santa Catarina, Rio do Sul registrou uma das maiores altas do dia, chegando a R$ 138,00 em uma das refer\u00eancias, com avan\u00e7o de 3,76%. Palma Sola foi indicada a R$ 138,50, enquanto o mercado de lotes em Abelardo Luz alcan\u00e7ou R$ 155,00, com m\u00e1xima de R$ 159,00. O porto de S\u00e3o Francisco do Sul ficou em R$ 156,50.\n<\/p>\n<div id=\"agk_14000_pos_4_conteudo_mobile\" style=\"text-align: center;\" class=\"mb-4\">\n<\/div>\n<div id=\"agk_14000_pos_5_conteudo_desktop\" style=\"text-align: center;\" class=\"d-none d-lg-block mb-md-4\">\n<\/div>\n<p>No Paran\u00e1, o frete entre Campo Mour\u00e3o e Paranagu\u00e1 subiu de R$ 164,00 para R$ 230,00 por tonelada, equivalente a cerca de R$ 13,80 por saca. Paranagu\u00e1 foi cotado a R$ 159,00, enquanto Cascavel marcou R$ 149,00 e Maring\u00e1 R$ 146,84.<\/p>\n<p>Mato Grosso do Sul teve altas expressivas em parte das refer\u00eancias, com S\u00e3o Gabriel do Oeste a R$ 142,00, Maracaju a R$ 144,00 e Campo Grande a R$ 143,00. J\u00e1 em Mato Grosso, o quadro foi misto: Rondon\u00f3polis ficou em R$ 144,00, Primavera do Leste em R$ 142,00 e Sorriso entre R$ 132,50 e R$ 136,00, conforme a refer\u00eancia. A redu\u00e7\u00e3o do frete em parte das rotas ajudou a aliviar a press\u00e3o log\u00edstica, enquanto custos de insumos e riscos clim\u00e1ticos seguiram no radar.<\/p>\n<\/p><\/div>\n<h6><em>THE <strong>Bela Cereais<\/strong> works with the best grains on the market and also keeps you up to date with the latest news and analyses on agribusiness.<br \/>\nDon&#039;t forget to follow our social networks.<\/em><\/h6>\n<p><a href=\"https:\/\/www.agrolink.com.br\/noticias\/frete-e-custos-pesam-sobre-mercado-da-soja_518394.html\" target=\"_blank\" rel=\"noopener\">Access News Source <\/a><\/p>","protected":false},"excerpt":{"rendered":"<p>O mercado brasileiro de soja encerrou a segunda-feira, 31 de agosto, com diferen\u00e7as relevantes entre&hellip;<\/p>","protected":false},"author":1,"featured_media":27949,"comment_status":"","ping_status":"","sticky":false,"template":"","format":"standard","meta":{"footnotes":""},"categories":[259],"tags":[244,248,255,249,254,250,246,247,256,245,253,252,251],"class_list":["post-27948","post","type-post","status-publish","format-standard","has-post-thumbnail","hentry","category-soja","tag-agrolink","tag-agrotoxicos","tag-artigos-tecnicos","tag-classificados","tag-colunistas","tag-compra","tag-cotacoes","tag-defensivos","tag-eventos","tag-noticias","tag-precos-agricolas","tag-previsao-do-tempo","tag-venda"],"_links":{"self":[{"href":"https:\/\/belacereais.com.br\/en\/wp-json\/wp\/v2\/posts\/27948","targetHints":{"allow":["GET"]}}],"collection":[{"href":"https:\/\/belacereais.com.br\/en\/wp-json\/wp\/v2\/posts"}],"about":[{"href":"https:\/\/belacereais.com.br\/en\/wp-json\/wp\/v2\/types\/post"}],"author":[{"embeddable":true,"href":"https:\/\/belacereais.com.br\/en\/wp-json\/wp\/v2\/users\/1"}],"replies":[{"embeddable":true,"href":"https:\/\/belacereais.com.br\/en\/wp-json\/wp\/v2\/comments?post=27948"}],"version-history":[{"count":0,"href":"https:\/\/belacereais.com.br\/en\/wp-json\/wp\/v2\/posts\/27948\/revisions"}],"wp:featuredmedia":[{"embeddable":true,"href":"https:\/\/belacereais.com.br\/en\/wp-json\/wp\/v2\/media\/27949"}],"wp:attachment":[{"href":"https:\/\/belacereais.com.br\/en\/wp-json\/wp\/v2\/media?parent=27948"}],"wp:term":[{"taxonomy":"category","embeddable":true,"href":"https:\/\/belacereais.com.br\/en\/wp-json\/wp\/v2\/categories?post=27948"},{"taxonomy":"post_tag","embeddable":true,"href":"https:\/\/belacereais.com.br\/en\/wp-json\/wp\/v2\/tags?post=27948"}],"curies":[{"name":"wp","href":"https:\/\/api.w.org\/{rel}","templated":true}]}}