{"id":27954,"date":"2026-09-01T07:51:25","date_gmt":"2026-09-01T11:51:25","guid":{"rendered":"https:\/\/belacereais.com.br\/2026\/exportacoes\/auditoria-pode-abrir-caminho-para-exportacoes-de-carne\/"},"modified":"2026-09-01T07:51:25","modified_gmt":"2026-09-01T11:51:25","slug":"auditoria-pode-abrir-caminho-para-exportacoes-de-carne","status":"publish","type":"post","link":"https:\/\/belacereais.com.br\/en\/2026\/exportacoes\/auditoria-pode-abrir-caminho-para-exportacoes-de-carne\/","title":{"rendered":"Audit could pave the way for meat exports."},"content":{"rendered":"<p><img decoding=\"async\" src=\"http:\/\/www.agrolink.com.br\/upload\/imagens-resizes\/b11961660d504d60a5ae45af08249af4_858x483.jpg\" \/><\/p>\n<div class=\"section-description section-description-noticias mt-3\">\n<p>A restri\u00e7\u00e3o de parte da carne brasileira no mercado europeu reacende o debate sobre como comprovar a conformidade sanit\u00e1ria sem aplicar bloqueios generalizados a toda a cadeia produtiva. A an\u00e1lise \u00e9 de Roberta Zuge, mestre e doutora em Reprodu\u00e7\u00e3o Animal pela USP e conselheira do Conselho Cient\u00edfico Agro Sustent\u00e1vel (CCAS).\n<\/p>\n<div id=\"agk_14000_pos_3_sidebar_mobile\" style=\"text-align: center;\" class=\"mb-4\">\n<\/div>\n<div id=\"agk_14000_pos_4_conteudo_desktop\" style=\"text-align: center;\" class=\"d-none d-lg-block mb-md-4\">\n<\/div>\n<p>Segundo a especialista, a dificuldade est\u00e1 em demonstrar, estabelecimento por estabelecimento, que os animais n\u00e3o receberam antimicrobianos proibidos pela Uni\u00e3o Europeia durante toda a vida. O desafio \u00e9 maior na bovinocultura, marcada por cadeias longas, diferentes n\u00edveis de rastreabilidade e milhares de propriedades.<\/p>\n<p>Uma alternativa seria ampliar auditorias realizadas por organismos independentes, credenciados e supervisionados pelo poder p\u00fablico. Essas certifica\u00e7\u00f5es funcionariam como uma camada adicional de controle, sem substituir a fiscaliza\u00e7\u00e3o oficial, que permanece como atividade exclusiva do Estado.\n<\/p>\n<div id=\"agk_14000_pos_4_conteudo_mobile\" style=\"text-align: center;\" class=\"mb-4\">\n<\/div>\n<div id=\"agk_14000_pos_5_conteudo_desktop\" style=\"text-align: center;\" class=\"d-none d-lg-block mb-md-4\">\n<\/div>\n<p>O modelo permitiria separar fornecedores que j\u00e1 cumprem as exig\u00eancias daqueles que ainda precisam se adaptar. O Brasil j\u00e1 possui estruturas de inspe\u00e7\u00e3o, sistemas de rastreabilidade e certifica\u00e7\u00f5es privadas que poderiam servir de base para esse processo.<\/p>\n<p>A proposta tamb\u00e9m prev\u00ea controles capazes de reduzir riscos como mistura de lotes eleg\u00edveis e n\u00e3o eleg\u00edveis. Para a an\u00e1lise, um sistema cont\u00ednuo de verifica\u00e7\u00e3o poderia diminuir a necessidade de restri\u00e7\u00f5es amplas e oferecer \u00e0 Uni\u00e3o Europeia evid\u00eancias mais detalhadas sobre a conformidade de cada fornecedor.\n<\/p>\n<div id=\"agk_14000_pos_5_conteudo_mobile\" style=\"text-align: center;\" class=\"mb-4\">\n<\/div>\n<p>\u201cAinda assim, isso n\u00e3o invalida a proposta central: um sistema robusto de certifica\u00e7\u00e3o por terceira parte, com credenciamento p\u00fablico, como as normas antes j\u00e1 propostas da Produ\u00e7\u00e3o Integrada, e possibilidade de auditoria adicional da pr\u00f3pria UE quando necess\u00e1rio, tende a reduzir o n\u00famero de vezes em que essa auditoria de verifica\u00e7\u00e3o precisa ocorrer \u2014 porque a maior parte da conformidade j\u00e1 estaria documentada e verificada continuamente, em vez de checada apenas em vistorias pontuais\u201d, conclui.<br \/>\n\u00a0<\/p>\n<\/p><\/div>\n<h6><em>THE <strong>Bela Cereais<\/strong> works with the best grains on the market and also keeps you up to date with the latest news and analyses on agribusiness.<br \/>\nDon&#039;t forget to follow our social networks.<\/em><\/h6>\n<p><a href=\"https:\/\/www.agrolink.com.br\/noticias\/auditoria-pode-abrir-caminho-para-exportacoes-de-carne_518400.html\" target=\"_blank\" rel=\"noopener\">Access News Source <\/a><\/p>","protected":false},"excerpt":{"rendered":"<p>A restri\u00e7\u00e3o de parte da carne brasileira no mercado europeu reacende o debate sobre como&hellip;<\/p>","protected":false},"author":1,"featured_media":27955,"comment_status":"","ping_status":"","sticky":false,"template":"","format":"standard","meta":{"footnotes":""},"categories":[7],"tags":[244,248,255,249,254,250,246,247,256,245,253,252,251],"class_list":["post-27954","post","type-post","status-publish","format-standard","has-post-thumbnail","hentry","category-exportacoes","tag-agrolink","tag-agrotoxicos","tag-artigos-tecnicos","tag-classificados","tag-colunistas","tag-compra","tag-cotacoes","tag-defensivos","tag-eventos","tag-noticias","tag-precos-agricolas","tag-previsao-do-tempo","tag-venda"],"_links":{"self":[{"href":"https:\/\/belacereais.com.br\/en\/wp-json\/wp\/v2\/posts\/27954","targetHints":{"allow":["GET"]}}],"collection":[{"href":"https:\/\/belacereais.com.br\/en\/wp-json\/wp\/v2\/posts"}],"about":[{"href":"https:\/\/belacereais.com.br\/en\/wp-json\/wp\/v2\/types\/post"}],"author":[{"embeddable":true,"href":"https:\/\/belacereais.com.br\/en\/wp-json\/wp\/v2\/users\/1"}],"replies":[{"embeddable":true,"href":"https:\/\/belacereais.com.br\/en\/wp-json\/wp\/v2\/comments?post=27954"}],"version-history":[{"count":0,"href":"https:\/\/belacereais.com.br\/en\/wp-json\/wp\/v2\/posts\/27954\/revisions"}],"wp:featuredmedia":[{"embeddable":true,"href":"https:\/\/belacereais.com.br\/en\/wp-json\/wp\/v2\/media\/27955"}],"wp:attachment":[{"href":"https:\/\/belacereais.com.br\/en\/wp-json\/wp\/v2\/media?parent=27954"}],"wp:term":[{"taxonomy":"category","embeddable":true,"href":"https:\/\/belacereais.com.br\/en\/wp-json\/wp\/v2\/categories?post=27954"},{"taxonomy":"post_tag","embeddable":true,"href":"https:\/\/belacereais.com.br\/en\/wp-json\/wp\/v2\/tags?post=27954"}],"curies":[{"name":"wp","href":"https:\/\/api.w.org\/{rel}","templated":true}]}}