{"id":27956,"date":"2026-09-01T09:45:27","date_gmt":"2026-09-01T13:45:27","guid":{"rendered":"https:\/\/belacereais.com.br\/2026\/safra\/setembro-comeca-com-forte-contraste-de-chuva-e-temperatura\/"},"modified":"2026-09-01T09:45:27","modified_gmt":"2026-09-01T13:45:27","slug":"setembro-comeca-com-forte-contraste-de-chuva-e-temperatura","status":"publish","type":"post","link":"https:\/\/belacereais.com.br\/en\/2026\/safra\/setembro-comeca-com-forte-contraste-de-chuva-e-temperatura\/","title":{"rendered":"September begins with a stark contrast between rainfall and temperature."},"content":{"rendered":"<p><img decoding=\"async\" src=\"http:\/\/www.agrolink.com.br\/upload\/imagens-resizes\/efe06d64d3324063a7184b7b0ebf9e3c_858x483.jpg\" \/><\/p>\n<div class=\"section-description section-description-noticias mt-3\">\n<p style=\"text-align:justify\">A previs\u00e3o para setembro indica chuvas acima da m\u00e9dia e incurs\u00f5es de ar frio no Centro-Sul do Brasil, enquanto Norte e Nordeste devem enfrentar temperaturas acima do normal e precipita\u00e7\u00e3o abaixo da m\u00e9dia. O cen\u00e1rio marca um forte contraste clim\u00e1tico no pa\u00eds no in\u00edcio da primavera meteorol\u00f3gica, que come\u00e7a em 1\u00ba de setembro.\n<\/p>\n<div id=\"agk_14000_pos_3_sidebar_mobile\" style=\"text-align: center;\" class=\"mb-4\">\n<\/div>\n<div id=\"agk_14000_pos_4_conteudo_desktop\" style=\"text-align: center;\" class=\"d-none d-lg-block mb-md-4\">\n<\/div>\n<p style=\"text-align:justify\">A previs\u00e3o de anomalia mensal de precipita\u00e7\u00e3o do modelo ECMWF, de confian\u00e7a da Meteored, aponta um forte contraste entre as regi\u00f5es brasileiras ao longo de setembro. No Centro-Sul, a expectativa \u00e9 de chuvas acima da m\u00e9dia em grande parte da \u00e1rea. J\u00e1 no Norte, os volumes devem ficar abaixo do normal, enquanto o litoral do Nordeste tende a registrar precipita\u00e7\u00e3o ligeiramente inferior \u00e0 m\u00e9dia.<\/p>\n<p style=\"text-align:justify\">Os maiores desvios negativos de precipita\u00e7\u00e3o, de at\u00e9 -50 mil\u00edmetros, est\u00e3o previstos para uma \u00e1rea na divisa entre Amazonas e Par\u00e1. Valores abaixo da m\u00e9dia tamb\u00e9m devem ocorrer em praticamente toda a regi\u00e3o Norte. No litoral nordestino, a previs\u00e3o indica chuvas ligeiramente abaixo da m\u00e9dia, enquanto no restante da regi\u00e3o os volumes devem ficar pr\u00f3ximos do padr\u00e3o hist\u00f3rico.<\/p>\n<p style=\"text-align:justify\">A previs\u00e3o semanal indica que, na primeira quinzena de setembro, os maiores desvios positivos de precipita\u00e7\u00e3o devem se concentrar entre o norte do Rio Grande do Sul e o Brasil Central. Uma ampla \u00e1rea com anomalias semanais superiores a 50 mil\u00edmetros deve se estender pelo Sudeste, Centro-Oeste e sul da regi\u00e3o Norte.<\/p>\n<p style=\"text-align:justify\">Na segunda quinzena, os maiores desvios positivos voltam a se concentrar sobre o Sul e \u00e1reas pr\u00f3ximas, incluindo o sul de Mato Grosso do Sul e S\u00e3o Paulo. Mesmo assim, volumes acima da m\u00e9dia devem continuar previstos tamb\u00e9m sobre o Brasil Central.<\/p>\n<p style=\"text-align:justify\">No in\u00edcio do m\u00eas, a regi\u00e3o Norte ainda pode apresentar \u00e1reas com chuva acima da m\u00e9dia. Na primeira quinzena, os desvios positivos devem aparecer principalmente no sul da regi\u00e3o, alcan\u00e7ando tamb\u00e9m a metade oeste durante a segunda semana. Ao longo de setembro, por\u00e9m, as condi\u00e7\u00f5es de d\u00e9ficit h\u00eddrico tendem a se expandir e predominar na maior parte dos estados nortistas.<\/p>\n<p style=\"text-align:justify\">No litoral do Nordeste, o padr\u00e3o tamb\u00e9m deve oscilar. A previs\u00e3o aponta mudan\u00e7a de chuvas abaixo da m\u00e9dia para volumes acima do normal entre as duas primeiras semanas do m\u00eas. Na segunda quinzena, entretanto, a precipita\u00e7\u00e3o abaixo da m\u00e9dia deve voltar a predominar no litoral. Nas demais \u00e1reas nordestinas, as chuvas devem ficar pr\u00f3ximas da m\u00e9dia.\n<\/p>\n<div id=\"agk_14000_pos_4_conteudo_mobile\" style=\"text-align: center;\" class=\"mb-4\">\n<\/div>\n<div id=\"agk_14000_pos_5_conteudo_desktop\" style=\"text-align: center;\" class=\"d-none d-lg-block mb-md-4\">\n<\/div>\n<p style=\"text-align:justify\">As anomalias de temperatura previstas para setembro acompanham, em parte, o comportamento das chuvas. Enquanto as \u00e1reas mais secas do Norte e Nordeste devem registrar temperaturas acima da m\u00e9dia, as regi\u00f5es com maior precipita\u00e7\u00e3o tendem a apresentar temperaturas pr\u00f3ximas do normal.<\/p>\n<p style=\"text-align:justify\">Os maiores desvios de temperatura est\u00e3o previstos para a \u00e1rea entre Amazonas e Par\u00e1, justamente onde tamb\u00e9m s\u00e3o esperadas as maiores anomalias negativas de chuva. No Nordeste, as anomalias mensais podem superar 2\u00b0C acima da m\u00e9dia, enquanto no Norte os desvios podem ultrapassar 4\u00b0C.<\/p>\n<p style=\"text-align:justify\">A previs\u00e3o semanal de temperatura do modelo ECMWF indica a distribui\u00e7\u00e3o das anomalias ao longo do m\u00eas e refor\u00e7a o cen\u00e1rio de maior frequ\u00eancia de sistemas frontais sobre o Centro-Sul.<\/p>\n<p style=\"text-align:justify\">Na primeira quinzena, as incurs\u00f5es de ar frio devem contribuir para temperaturas abaixo da m\u00e9dia em partes da regi\u00e3o. Na segunda metade de setembro, por\u00e9m, as anomalias frias devem perder for\u00e7a e dar lugar a temperaturas mais pr\u00f3ximas da m\u00e9dia no Centro-Sul.<\/p>\n<p style=\"text-align:justify\">No Norte e no Nordeste, por outro lado, temperaturas acima da m\u00e9dia devem predominar durante todas as semanas do m\u00eas. Os maiores desvios, superiores a 4\u00b0C, est\u00e3o previstos para a primeira semana de setembro. Embora diminuam ligeiramente na segunda semana, as anomalias quentes devem voltar a se expandir e ganhar intensidade a partir da segunda quinzena.<\/p>\n<p style=\"text-align:justify\">A previs\u00e3o para setembro sugere influ\u00eancia principalmente do El Ni\u00f1o e da atua\u00e7\u00e3o frequente de sistemas frontais sobre o Centro-Sul do Brasil. De acordo com o cen\u00e1rio apresentado pela Meteored, os principais mecanismos de variabilidade intrassazonal n\u00e3o apresentam sinais robustos de atua\u00e7\u00e3o na escala analisada.\n<\/p>\n<div id=\"agk_14000_pos_5_conteudo_mobile\" style=\"text-align: center;\" class=\"mb-4\">\n<\/div>\n<p style=\"text-align:justify\">A Oscila\u00e7\u00e3o Madden-Julian (MJO) deve permanecer enfraquecida e desorganizada, enquanto a Oscila\u00e7\u00e3o Ant\u00e1rtica (AAO) tende a oscilar em torno da neutralidade. Com isso, o padr\u00e3o de chuva acima da m\u00e9dia e as incurs\u00f5es de ar frio esperadas para o Centro-Sul devem ser determinados principalmente pela combina\u00e7\u00e3o entre o El Ni\u00f1o e os sistemas de m\u00e9dia latitude.<\/p>\n<p style=\"text-align:justify\">O cen\u00e1rio previsto para o primeiro m\u00eas da primavera meteorol\u00f3gica \u00e9 de forte contraste clim\u00e1tico entre as regi\u00f5es brasileiras. No Centro-Sul, a combina\u00e7\u00e3o de sistemas frontais frequentes e influ\u00eancia do El Ni\u00f1o deve favorecer per\u00edodos mais chuvosos e incurs\u00f5es de ar frio.<\/p>\n<p style=\"text-align:justify\">No Norte e Nordeste, o cen\u00e1rio \u00e9 oposto, com temperaturas acima da m\u00e9dia e tend\u00eancia de redu\u00e7\u00e3o das chuvas, especialmente na regi\u00e3o amaz\u00f4nica. Para a agropecu\u00e1ria, a distribui\u00e7\u00e3o irregular das chuvas e das temperaturas ao longo do m\u00eas refor\u00e7a a import\u00e2ncia de acompanhar a evolu\u00e7\u00e3o das condi\u00e7\u00f5es meteorol\u00f3gicas nas diferentes regi\u00f5es produtoras.<\/p>\n<\/p><\/div>\n<h6><em>THE <strong>Bela Cereais<\/strong> works with the best grains on the market and also keeps you up to date with the latest news and analyses on agribusiness.<br \/>\nDon&#039;t forget to follow our social networks.<\/em><\/h6>\n<p><a href=\"https:\/\/www.agrolink.com.br\/noticias\/como-sera-o-clima-em-setembro--chuvas-e-temperaturas-atipicas-em-varios-estados_518404.html\" target=\"_blank\" rel=\"noopener\">Access News Source <\/a><\/p>","protected":false},"excerpt":{"rendered":"<p>A previs\u00e3o para setembro indica chuvas acima da m\u00e9dia e incurs\u00f5es de ar frio no&hellip;<\/p>","protected":false},"author":1,"featured_media":27957,"comment_status":"","ping_status":"","sticky":false,"template":"","format":"standard","meta":{"footnotes":""},"categories":[258],"tags":[244,248,255,249,254,250,246,247,256,245,253,252,251],"class_list":["post-27956","post","type-post","status-publish","format-standard","has-post-thumbnail","hentry","category-safra","tag-agrolink","tag-agrotoxicos","tag-artigos-tecnicos","tag-classificados","tag-colunistas","tag-compra","tag-cotacoes","tag-defensivos","tag-eventos","tag-noticias","tag-precos-agricolas","tag-previsao-do-tempo","tag-venda"],"_links":{"self":[{"href":"https:\/\/belacereais.com.br\/en\/wp-json\/wp\/v2\/posts\/27956","targetHints":{"allow":["GET"]}}],"collection":[{"href":"https:\/\/belacereais.com.br\/en\/wp-json\/wp\/v2\/posts"}],"about":[{"href":"https:\/\/belacereais.com.br\/en\/wp-json\/wp\/v2\/types\/post"}],"author":[{"embeddable":true,"href":"https:\/\/belacereais.com.br\/en\/wp-json\/wp\/v2\/users\/1"}],"replies":[{"embeddable":true,"href":"https:\/\/belacereais.com.br\/en\/wp-json\/wp\/v2\/comments?post=27956"}],"version-history":[{"count":0,"href":"https:\/\/belacereais.com.br\/en\/wp-json\/wp\/v2\/posts\/27956\/revisions"}],"wp:featuredmedia":[{"embeddable":true,"href":"https:\/\/belacereais.com.br\/en\/wp-json\/wp\/v2\/media\/27957"}],"wp:attachment":[{"href":"https:\/\/belacereais.com.br\/en\/wp-json\/wp\/v2\/media?parent=27956"}],"wp:term":[{"taxonomy":"category","embeddable":true,"href":"https:\/\/belacereais.com.br\/en\/wp-json\/wp\/v2\/categories?post=27956"},{"taxonomy":"post_tag","embeddable":true,"href":"https:\/\/belacereais.com.br\/en\/wp-json\/wp\/v2\/tags?post=27956"}],"curies":[{"name":"wp","href":"https:\/\/api.w.org\/{rel}","templated":true}]}}