{"id":27958,"date":"2026-09-01T10:46:38","date_gmt":"2026-09-01T14:46:38","guid":{"rendered":"https:\/\/belacereais.com.br\/2026\/safra\/etanol-registra-primeira-alta-da-safra-2026-27-em-sao-paulo\/"},"modified":"2026-09-01T10:46:38","modified_gmt":"2026-09-01T14:46:38","slug":"etanol-registra-primeira-alta-da-safra-2026-27-em-sao-paulo","status":"publish","type":"post","link":"https:\/\/belacereais.com.br\/en\/2026\/safra\/etanol-registra-primeira-alta-da-safra-2026-27-em-sao-paulo\/","title":{"rendered":"Ethanol registers first increase of the 2026\/27 harvest in S\u00e3o Paulo."},"content":{"rendered":"<p><img decoding=\"async\" src=\"http:\/\/www.agrolink.com.br\/upload\/imagens-resizes\/92d3ef20f03543bab83ffb4d08628e5e_858x483.jpg\" \/><\/p>\n<div class=\"section-description section-description-noticias mt-3\">\n<p>Os pre\u00e7os m\u00e9dios do etanol avan\u00e7aram em agosto no estado de S\u00e3o Paulo e registraram a primeira alta mensal da temporada 2026\/27. Segundo dados divulgados pelo Cepea, tanto o etanol hidratado quanto o anidro apresentaram valoriza\u00e7\u00e3o no per\u00edodo, em um cen\u00e1rio de expectativa de chuvas no Centro-Sul, alta do a\u00e7\u00facar no mercado externo e aumento da demanda no mercado spot.\n<\/p>\n<div id=\"agk_14000_pos_3_sidebar_mobile\" style=\"text-align: center;\" class=\"mb-4\">\n<\/div>\n<div id=\"agk_14000_pos_4_conteudo_desktop\" style=\"text-align: center;\" class=\"d-none d-lg-block mb-md-4\">\n<\/div>\n<p>Segundo dados divulgados pelo Cepea, os pre\u00e7os m\u00e9dios dos dois tipos de etanol acompanhados pelo Centro de Pesquisas subiram em agosto. O movimento marcou a primeira valoriza\u00e7\u00e3o mensal da temporada 2026\/27 e ocorreu em meio a fatores relacionados tanto \u00e0 oferta quanto \u00e0 demanda pelo biocombust\u00edvel.Entre os pontos destacados pelo Cepea est\u00e1 a previs\u00e3o de chuvas para setembro na regi\u00e3o Centro-Sul, que pode provocar paralisa\u00e7\u00f5es das\u00a0 atividades industriais.<\/p>\n<p>A valoriza\u00e7\u00e3o do a\u00e7\u00facar no mercado externo tamb\u00e9m contribuiu para sustentar os pre\u00e7os do etanol em agosto. Segundo dados divulgados pelo Cepea, o movimento ocorre em um cen\u00e1rio de preocupa\u00e7\u00e3o com uma poss\u00edvel menor disponibilidade de a\u00e7\u00facar em pa\u00edses produtores. Esse cen\u00e1rio refor\u00e7ou a valoriza\u00e7\u00e3o observada no mercado e contribuiu para o avan\u00e7o das cota\u00e7\u00f5es dos etan\u00f3is em S\u00e3o Paulo.\n<\/p>\n<div id=\"agk_14000_pos_4_conteudo_mobile\" style=\"text-align: center;\" class=\"mb-4\">\n<\/div>\n<div id=\"agk_14000_pos_5_conteudo_desktop\" style=\"text-align: center;\" class=\"d-none d-lg-block mb-md-4\">\n<\/div>\n<p>Do lado da demanda, a volta \u00e0s aulas aumentou o n\u00famero de ve\u00edculos em circula\u00e7\u00e3o e levou mais compradores ao mercado spot. Segundo dados divulgados pelo Cepea, a vantagem de pre\u00e7os do etanol hidratado no varejo tamb\u00e9m continua permitindo que o consumidor opte pelo biocombust\u00edvel. Esse cen\u00e1rio ajudou a aquecer os neg\u00f3cios no segmento produtor e ampliou a procura pelo produto.<\/p>\n<p>Em agosto, as distribuidoras continuaram adquirindo novos volumes para recompor os estoques. Segundo dados divulgados pelo Cepea, diante desse cen\u00e1rio, as distribuidoras precisaram aceitar os valores ofertados pelas unidades produtoras. O volume negociado de etanol hidratado pelas usinas de S\u00e3o Paulo em agosto foi o maior desde janeiro de 2025, conforme apontamento do Centro de Pesquisas.\n<\/p>\n<div id=\"agk_14000_pos_5_conteudo_mobile\" style=\"text-align: center;\" class=\"mb-4\">\n<\/div><\/div>\n<h6><em>THE <strong>Bela Cereais<\/strong> works with the best grains on the market and also keeps you up to date with the latest news and analyses on agribusiness.<br \/>\nDon&#039;t forget to follow our social networks.<\/em><\/h6>\n<p><a href=\"https:\/\/www.agrolink.com.br\/noticias\/etanol-registra-primeira-alta-da-safra-2026-27-em-sao-paulo_518409.html\" target=\"_blank\" rel=\"noopener\">Access News Source <\/a><\/p>","protected":false},"excerpt":{"rendered":"<p>Os pre\u00e7os m\u00e9dios do etanol avan\u00e7aram em agosto no estado de S\u00e3o Paulo e registraram&hellip;<\/p>","protected":false},"author":1,"featured_media":27959,"comment_status":"","ping_status":"","sticky":false,"template":"","format":"standard","meta":{"footnotes":""},"categories":[258],"tags":[244,248,255,249,254,250,246,247,256,245,253,252,251],"class_list":["post-27958","post","type-post","status-publish","format-standard","has-post-thumbnail","hentry","category-safra","tag-agrolink","tag-agrotoxicos","tag-artigos-tecnicos","tag-classificados","tag-colunistas","tag-compra","tag-cotacoes","tag-defensivos","tag-eventos","tag-noticias","tag-precos-agricolas","tag-previsao-do-tempo","tag-venda"],"_links":{"self":[{"href":"https:\/\/belacereais.com.br\/en\/wp-json\/wp\/v2\/posts\/27958","targetHints":{"allow":["GET"]}}],"collection":[{"href":"https:\/\/belacereais.com.br\/en\/wp-json\/wp\/v2\/posts"}],"about":[{"href":"https:\/\/belacereais.com.br\/en\/wp-json\/wp\/v2\/types\/post"}],"author":[{"embeddable":true,"href":"https:\/\/belacereais.com.br\/en\/wp-json\/wp\/v2\/users\/1"}],"replies":[{"embeddable":true,"href":"https:\/\/belacereais.com.br\/en\/wp-json\/wp\/v2\/comments?post=27958"}],"version-history":[{"count":0,"href":"https:\/\/belacereais.com.br\/en\/wp-json\/wp\/v2\/posts\/27958\/revisions"}],"wp:featuredmedia":[{"embeddable":true,"href":"https:\/\/belacereais.com.br\/en\/wp-json\/wp\/v2\/media\/27959"}],"wp:attachment":[{"href":"https:\/\/belacereais.com.br\/en\/wp-json\/wp\/v2\/media?parent=27958"}],"wp:term":[{"taxonomy":"category","embeddable":true,"href":"https:\/\/belacereais.com.br\/en\/wp-json\/wp\/v2\/categories?post=27958"},{"taxonomy":"post_tag","embeddable":true,"href":"https:\/\/belacereais.com.br\/en\/wp-json\/wp\/v2\/tags?post=27958"}],"curies":[{"name":"wp","href":"https:\/\/api.w.org\/{rel}","templated":true}]}}