{"id":27960,"date":"2026-09-01T10:57:17","date_gmt":"2026-09-01T14:57:17","guid":{"rendered":"https:\/\/belacereais.com.br\/2026\/soja\/vazio-sanitario-termina-mas-plantio-da-soja-exige-cautela\/"},"modified":"2026-09-01T10:57:17","modified_gmt":"2026-09-01T14:57:17","slug":"vazio-sanitario-termina-mas-plantio-da-soja-exige-cautela","status":"publish","type":"post","link":"https:\/\/belacereais.com.br\/en\/2026\/soja\/vazio-sanitario-termina-mas-plantio-da-soja-exige-cautela\/","title":{"rendered":"The planting ban ends, but soybean planting requires caution."},"content":{"rendered":"<p><img decoding=\"async\" src=\"http:\/\/www.agrolink.com.br\/upload\/imagens-resizes\/05e8e6f17d8d4bee82accf8038704e95_858x483.jpg\" \/><\/p>\n<div class=\"section-description section-description-noticias mt-3\">\n<p style=\"text-align:justify\">Com o fim do vazio sanit\u00e1rio da <a href=\"https:\/\/www.agrolink.com.br\/culturas\/soja?utm_source=agrolink-detalhe-noticia&amp;utm_medium=detalhe-noticia&amp;utm_campaign=links-internos\" target=\"_blank\" rel=\"noopener\">soy<\/a>, em 6 de setembro, Mato Grosso entra na reta final de prepara\u00e7\u00e3o para a safra 2026\/27. A influ\u00eancia do El Ni\u00f1o e a irregularidade das chuvas podem atrasar a semeadura, levando produtores a aguardar umidade adequada antes de intensificar os trabalhos e reduzir o risco de replantio.\n<\/p>\n<div id=\"agk_14000_pos_3_sidebar_mobile\" style=\"text-align: center;\" class=\"mb-4\">\n<\/div>\n<div id=\"agk_14000_pos_4_conteudo_desktop\" style=\"text-align: center;\" class=\"d-none d-lg-block mb-md-4\">\n<\/div>\n<p style=\"text-align:justify\">Apesar da libera\u00e7\u00e3o do plantio em setembro, a expectativa \u00e9 de que os produtores mantenham cautela e aguardem a regulariza\u00e7\u00e3o das chuvas antes de avan\u00e7ar com a semeadura, especialmente diante da influ\u00eancia do El Ni\u00f1o.<\/p>\n<p style=\"text-align:justify\">O superintendente do Instituto Mato-grossense de Economia Agropecu\u00e1ria (Imea), Cleiton Gauer, refor\u00e7a que as condi\u00e7\u00f5es de cada propriedade devem ser avaliadas antes da defini\u00e7\u00e3o do in\u00edcio do plantio. \u201cO produtor precisa tomar cuidado e observar as condi\u00e7\u00f5es de umidade e de chuva antes de colocar a semente no solo. O fim do vazio sanit\u00e1rio permite o plantio, mas isso n\u00e3o significa que seja o momento ideal para semear. \u00c9 importante avaliar as condi\u00e7\u00f5es para garantir um bom estabelecimento da lavoura e evitar custos com poss\u00edveis replantios\u201d, alerta Cleiton.<\/p>\n<p style=\"text-align:justify\">Segundo dados divulgados pelo Imea, a produ\u00e7\u00e3o de soja de Mato Grosso na safra 2026\/27 est\u00e1 projetada em 48.882.049 toneladas. A estimativa considera diferentes vari\u00e1veis, entre elas as perspectivas clim\u00e1ticas, o hist\u00f3rico de produtividade, as pr\u00e1ticas de manejo e o n\u00edvel tecnol\u00f3gico adotado pelos produtores. Segundo dados divulgados pelo Imea, a an\u00e1lise conjunta desses fatores permite estimar o desempenho da cultura nas diferentes regi\u00f5es do Estado.<\/p>\n<p style=\"text-align:justify\">A tend\u00eancia \u00e9 de que o produtor repita o comportamento observado em outros anos e aguarde a regulariza\u00e7\u00e3o das chuvas, principalmente na segunda quinzena de setembro. Segundo o analista de intelig\u00eancia de mercado do Imea, Henrique Eggers, mais importante do que a ocorr\u00eancia das primeiras precipita\u00e7\u00f5es \u00e9 a confirma\u00e7\u00e3o de volumes suficientes e regulares. \u201cMais importante que a ocorr\u00eancia das primeiras precipita\u00e7\u00f5es \u00e9 a confirma\u00e7\u00e3o de volumes suficientes e regulares para garantir o estabelecimento adequado das lavouras\u201d, explica Henrique.<\/p>\n<p style=\"text-align:justify\">A maior instabilidade clim\u00e1tica prevista para o in\u00edcio da pr\u00f3xima safra pode postergar o avan\u00e7o mais expressivo da semeadura. O cen\u00e1rio chama aten\u00e7\u00e3o porque a safra 2023\/24 tamb\u00e9m foi marcada pela influ\u00eancia do El Ni\u00f1o.<\/p>\n<p style=\"text-align:justify\">Naquele ciclo, a irregularidade das chuvas comprometeu o estabelecimento das lavouras e contribuiu para que a soja registrasse a menor produtividade m\u00e9dia dos \u00faltimos dez anos em Mato Grosso.<\/p>\n<p style=\"text-align:justify\">Entre os principais desafios enfrentados pelos produtores nos \u00faltimos anos est\u00e3o os veranicos durante fases cr\u00edticas da cultura, como flora\u00e7\u00e3o, forma\u00e7\u00e3o das vagens e enchimento dos gr\u00e3os. Chuvas isoladas seguidas por per\u00edodos secos tamb\u00e9m podem prejudicar a germina\u00e7\u00e3o e o desenvolvimento inicial das plantas, aumentando a necessidade de replantio.\n<\/p>\n<div id=\"agk_14000_pos_4_conteudo_mobile\" style=\"text-align: center;\" class=\"mb-4\">\n<\/div>\n<div id=\"agk_14000_pos_5_conteudo_desktop\" style=\"text-align: center;\" class=\"d-none d-lg-block mb-md-4\">\n<\/div>\n<p style=\"text-align:justify\">As temperaturas elevadas podem intensificar a perda de \u00e1gua do solo e provocar estresse t\u00e9rmico. J\u00e1 o excesso de chuva pode causar encharcamento, eros\u00e3o e perdas de solo e nutrientes. Na fase de colheita, volumes elevados de precipita\u00e7\u00e3o aumentam o risco de perdas e de redu\u00e7\u00e3o da qualidade dos gr\u00e3os.<\/p>\n<p style=\"text-align:justify\">As condi\u00e7\u00f5es clim\u00e1ticas tamb\u00e9m podem interferir no calend\u00e1rio das culturas de segunda safra. Eventuais atrasos na semeadura ou na colheita da soja reduzem a janela dispon\u00edvel para implanta\u00e7\u00e3o do milho, algod\u00e3o e outras culturas.<\/p>\n<p style=\"text-align:justify\">Por isso, o ritmo de avan\u00e7o da semeadura deve ser acompanhado regionalmente ao longo das primeiras semanas da safra. \u201cAinda \u00e9 cedo para determinar o ritmo da semeadura em cada regi\u00e3o de Mato Grosso. O Imea deve acompanhar semanalmente a evolu\u00e7\u00e3o dos trabalhos, as condi\u00e7\u00f5es clim\u00e1ticas e a situa\u00e7\u00e3o das diferentes regi\u00f5es do Estado\u201d, ressalta Henrique.<\/p>\n<p style=\"text-align:justify\">O fim do vazio sanit\u00e1rio n\u00e3o encerra os cuidados fitossanit\u00e1rios com a soja. O monitoramento das lavouras continua sendo fundamental para o controle de doen\u00e7as, principalmente da ferrugem-asi\u00e1tica. A doen\u00e7a \u00e9 causada pelo fungo Phakopsora pachyrhizi e permanece entre as principais amea\u00e7as \u00e0 cultura, exigindo acompanhamento constante durante o ciclo.<\/p>\n<p style=\"text-align:justify\">Segundo dados divulgados pelo Imea, o manejo fitossanit\u00e1rio deve ser ajustado \u00e0 realidade de cada propriedade, considerando o potencial produtivo das \u00e1reas, as condi\u00e7\u00f5es clim\u00e1ticas locais e o n\u00edvel de infesta\u00e7\u00e3o. O monitoramento permite identificar problemas antecipadamente e escolher medidas de controle mais eficientes.\n<\/p>\n<div id=\"agk_14000_pos_5_conteudo_mobile\" style=\"text-align: center;\" class=\"mb-4\">\n<\/div>\n<p style=\"text-align:justify\">A estrat\u00e9gia ganha import\u00e2ncia em um cen\u00e1rio de custos elevados, j\u00e1 que as decis\u00f5es de manejo t\u00eam impacto direto sobre a produtividade, os gastos com insumos e a rentabilidade da atividade.<\/p>\n<p style=\"text-align:justify\">Com o encerramento do vazio sanit\u00e1rio em 6 de setembro, a recomenda\u00e7\u00e3o \u00e9 que o produtor n\u00e3o confunda a libera\u00e7\u00e3o legal para semear com a indica\u00e7\u00e3o de que as condi\u00e7\u00f5es de campo j\u00e1 sejam adequadas. A regularidade das chuvas, a umidade do solo e o acompanhamento das condi\u00e7\u00f5es clim\u00e1ticas ser\u00e3o fatores importantes para definir o ritmo de implanta\u00e7\u00e3o da safra 2026\/27 em Mato Grosso.<\/p>\n<\/p><\/div>\n<h6><em>THE <strong>Bela Cereais<\/strong> works with the best grains on the market and also keeps you up to date with the latest news and analyses on agribusiness.<br \/>\nDon&#039;t forget to follow our social networks.<\/em><\/h6>\n<p><a href=\"https:\/\/www.agrolink.com.br\/noticias\/vazio-sanitario-termina--mas-plantio-da-soja-exige-cautela_518411.html\" target=\"_blank\" rel=\"noopener\">Access News Source <\/a><\/p>","protected":false},"excerpt":{"rendered":"<p>Com o fim do vazio sanit\u00e1rio da soja, em 6 de setembro, Mato Grosso entra&hellip;<\/p>","protected":false},"author":1,"featured_media":27759,"comment_status":"","ping_status":"","sticky":false,"template":"","format":"standard","meta":{"footnotes":""},"categories":[259],"tags":[244,248,255,249,254,250,246,247,256,245,253,252,251],"class_list":["post-27960","post","type-post","status-publish","format-standard","has-post-thumbnail","hentry","category-soja","tag-agrolink","tag-agrotoxicos","tag-artigos-tecnicos","tag-classificados","tag-colunistas","tag-compra","tag-cotacoes","tag-defensivos","tag-eventos","tag-noticias","tag-precos-agricolas","tag-previsao-do-tempo","tag-venda"],"_links":{"self":[{"href":"https:\/\/belacereais.com.br\/en\/wp-json\/wp\/v2\/posts\/27960","targetHints":{"allow":["GET"]}}],"collection":[{"href":"https:\/\/belacereais.com.br\/en\/wp-json\/wp\/v2\/posts"}],"about":[{"href":"https:\/\/belacereais.com.br\/en\/wp-json\/wp\/v2\/types\/post"}],"author":[{"embeddable":true,"href":"https:\/\/belacereais.com.br\/en\/wp-json\/wp\/v2\/users\/1"}],"replies":[{"embeddable":true,"href":"https:\/\/belacereais.com.br\/en\/wp-json\/wp\/v2\/comments?post=27960"}],"version-history":[{"count":0,"href":"https:\/\/belacereais.com.br\/en\/wp-json\/wp\/v2\/posts\/27960\/revisions"}],"wp:featuredmedia":[{"embeddable":true,"href":"https:\/\/belacereais.com.br\/en\/wp-json\/wp\/v2\/media\/27759"}],"wp:attachment":[{"href":"https:\/\/belacereais.com.br\/en\/wp-json\/wp\/v2\/media?parent=27960"}],"wp:term":[{"taxonomy":"category","embeddable":true,"href":"https:\/\/belacereais.com.br\/en\/wp-json\/wp\/v2\/categories?post=27960"},{"taxonomy":"post_tag","embeddable":true,"href":"https:\/\/belacereais.com.br\/en\/wp-json\/wp\/v2\/tags?post=27960"}],"curies":[{"name":"wp","href":"https:\/\/api.w.org\/{rel}","templated":true}]}}