{"id":27961,"date":"2026-09-01T12:57:32","date_gmt":"2026-09-01T16:57:32","guid":{"rendered":"https:\/\/belacereais.com.br\/2026\/exportacoes\/da-muda-a-exportacao-divinut-apresenta-na-expointer-oportunidades-para-o-produtor-de-noz-peca\/"},"modified":"2026-09-01T12:57:32","modified_gmt":"2026-09-01T16:57:32","slug":"da-muda-a-exportacao-divinut-apresenta-na-expointer-oportunidades-para-o-produtor-de-noz-peca","status":"publish","type":"post","link":"https:\/\/belacereais.com.br\/en\/2026\/exportacoes\/da-muda-a-exportacao-divinut-apresenta-na-expointer-oportunidades-para-o-produtor-de-noz-peca\/","title":{"rendered":"From seedling to export: Divinut presents opportunities for pecan nut producers at Expointer."},"content":{"rendered":"<p><img decoding=\"async\" src=\"http:\/\/www.agrolink.com.br\/upload\/imagens-resizes\/b777524d50174abd90471271f89319d6_858x483.jpg\" \/><\/p>\n<div class=\"section-description section-description-noticias mt-3\">\n<p style=\"text-align:justify\"><em>Empresa ga\u00facha aproxima produtores de gen\u00e9tica, tecnologia, assist\u00eancia t\u00e9cnica e mercado e refor\u00e7a atua\u00e7\u00e3o internacional da noz-pec\u00e3 brasileira<\/em><\/p>\n<p style=\"text-align:justify\">A noz-pec\u00e3 chega \u00e0 Expointer 2026 em um momento de expans\u00e3o da cadeia produtiva brasileira. Com expectativa de crescimento da produ\u00e7\u00e3o e abertura de novos mercados internacionais, a cultura ganha espa\u00e7o como alternativa de diversifica\u00e7\u00e3o e gera\u00e7\u00e3o de renda no campo. \u00c9 nesse cen\u00e1rio que a Divinut, refer\u00eancia no processamento e comercializa\u00e7\u00e3o de noz-pec\u00e3 no Hemisf\u00e9rio Sul, participa da feira, de 29 de agosto a 6 de setembro, em Esteio (RS), aproximando produtores das oportunidades que envolvem a atividade, da implanta\u00e7\u00e3o de um pomar \u00e0 comercializa\u00e7\u00e3o da produ\u00e7\u00e3o.\n<\/p>\n<div id=\"agk_14000_pos_3_sidebar_mobile\" style=\"text-align: center;\" class=\"mb-4\">\n<\/div>\n<div id=\"agk_14000_pos_4_conteudo_desktop\" style=\"text-align: center;\" class=\"d-none d-lg-block mb-md-4\">\n<\/div>\n<p style=\"text-align:justify\">A expectativa para 2026 \u00e9 de uma produ\u00e7\u00e3o brasileira pr\u00f3xima de 7 mil toneladas, impulsionada pela entrada de novos pomares em produ\u00e7\u00e3o e pelas condi\u00e7\u00f5es favor\u00e1veis \u00e0 cultura. O Rio Grande do Sul permanece como principal polo produtor do pa\u00eds, concentrando grande parte da atividade.<\/p>\n<p style=\"text-align:justify\">Para a Divinut, o momento representa uma oportunidade de ampliar a profissionaliza\u00e7\u00e3o da cadeia e mostrar ao produtor que a pecanicultura pode ser estruturada como uma atividade de longo prazo, com suporte t\u00e9cnico, gen\u00e9tica adequada e acesso a mercados.<\/p>\n<p style=\"text-align:justify\">\u201cA pecanicultura exige planejamento e vis\u00e3o de longo prazo. Nosso papel \u00e9 estar ao lado do produtor nesse processo, oferecendo gen\u00e9tica, conhecimento, assist\u00eancia e, principalmente, uma conex\u00e3o com o mercado. Quando o produtor cresce, toda a cadeia cresce junto.\u201d \u2014 Edson Ortiz, CEO da Divinut<\/p>\n<p style=\"text-align:justify\"><strong>Da gen\u00e9tica ao mercado<\/strong><\/p>\n<p style=\"text-align:justify\">A atua\u00e7\u00e3o da Divinut junto ao produtor come\u00e7a antes mesmo da implanta\u00e7\u00e3o do pomar. A empresa mant\u00e9m um dos maiores viveiros de mudas de nogueira-pec\u00e3 em raiz embalada do mundo e trabalha com gen\u00e9tica de alto potencial produtivo. Tamb\u00e9m oferece assist\u00eancia t\u00e9cnica e mant\u00e9m uma pol\u00edtica de compra da produ\u00e7\u00e3o, conectando o desenvolvimento dos pomares ao processamento e \u00e0 comercializa\u00e7\u00e3o da noz.\n<\/p>\n<div id=\"agk_14000_pos_4_conteudo_mobile\" style=\"text-align: center;\" class=\"mb-4\">\n<\/div>\n<div id=\"agk_14000_pos_5_conteudo_desktop\" style=\"text-align: center;\" class=\"d-none d-lg-block mb-md-4\">\n<\/div>\n<p style=\"text-align:justify\">Atualmente, a rede da Divinut re\u00fane mais de 6 mil produtores parceiros, distribu\u00eddos por aproximadamente 700 munic\u00edpios do Sul do Brasil, em sua maioria agricultores familiares. O modelo permite incorporar a pecanicultura a diferentes perfis de propriedade, como alternativa de diversifica\u00e7\u00e3o e gera\u00e7\u00e3o de renda.<\/p>\n<p style=\"text-align:justify\">Essa rela\u00e7\u00e3o pr\u00f3xima com o produtor \u00e9 acompanhada por uma estrutura voltada ao mercado consumidor. A Divinut atua em diferentes etapas da cadeia, permitindo que a produ\u00e7\u00e3o desenvolvida nos pomares parceiros tenha conex\u00e3o com uma ind\u00fastria de processamento e com mercados dentro e fora do Brasil.<\/p>\n<p style=\"text-align:justify\"><strong>Pec\u00e3 brasileira conquista espa\u00e7o no exterior<\/strong><\/p>\n<p style=\"text-align:justify\">A expans\u00e3o da cadeia tamb\u00e9m est\u00e1 diretamente relacionada \u00e0 internacionaliza\u00e7\u00e3o da empresa. A Divinut j\u00e1 atua em mercados da Am\u00e9rica do Norte, \u00c1frica, \u00c1sia e Europa e vem ampliando sua estrat\u00e9gia comercial no exterior.<\/p>\n<p style=\"text-align:justify\">Em 2025, a empresa conquistou as certifica\u00e7\u00f5es FSSC 22000 e ISO 9001, fortalecendo sua capacidade de atender mercados internacionais cada vez mais exigentes e ampliando a competitividade da noz-pec\u00e3 brasileira.<\/p>\n<p style=\"text-align:justify\">Entre as novas fronteiras estrat\u00e9gicas est\u00e1 a China. Em maio, a Divinut participou de agendas internacionais relacionadas ao mercado asi\u00e1tico e intensificou as negocia\u00e7\u00f5es em um dos mercados considerados importantes para a expans\u00e3o das exporta\u00e7\u00f5es brasileiras de noz-pec\u00e3.<\/p>\n<p style=\"text-align:justify\">O avan\u00e7o no com\u00e9rcio exterior tamb\u00e9m \u00e9 reconhecido no Rio Grande do Sul. Em 2026, a Divinut conquista, pelo terceiro ano consecutivo, o Pr\u00eamio Exporta\u00e7\u00e3o RS, consolidando uma trajet\u00f3ria de atua\u00e7\u00e3o internacional e refor\u00e7ando a presen\u00e7a da noz-pec\u00e3 brasileira em diferentes mercados.\n<\/p>\n<div id=\"agk_14000_pos_5_conteudo_mobile\" style=\"text-align: center;\" class=\"mb-4\">\n<\/div>\n<p style=\"text-align:justify\">Para Edson Ortiz, o reconhecimento tamb\u00e9m representa uma conquista de toda a cadeia produtiva.<\/p>\n<p style=\"text-align:justify\">\u201cReceber pelo terceiro ano consecutivo o Pr\u00eamio Exporta\u00e7\u00e3o RS \u00e9 um reconhecimento ao trabalho que estamos construindo h\u00e1 anos. A exporta\u00e7\u00e3o n\u00e3o \u00e9 resultado apenas da atua\u00e7\u00e3o da Divinut. Ela envolve toda uma cadeia, especialmente os produtores que acreditam na pecanicultura, investem nos pomares e entregam uma mat\u00e9ria-prima de qualidade. Cada novo mercado conquistado representa uma oportunidade para toda essa cadeia. \u00c9 um reconhecimento ao trabalho conjunto e tamb\u00e9m mostra que a noz-pec\u00e3 brasileira tem qualidade e espa\u00e7o para crescer no mercado internacional.\u201d \u2014 Edson Ortin, CEO da Divinut<\/p>\n<p style=\"text-align:justify\">Expointer aproxima produtor das oportunidades<\/p>\n<p style=\"text-align:justify\">A participa\u00e7\u00e3o na Expointer ocorre em um ano simb\u00f3lico para a empresa, que completa 26 anos de trajet\u00f3ria. Na feira, a Divinut pretende apresentar aos produtores e visitantes as diferentes possibilidades da cadeia da noz-pec\u00e3 e mostrar como uma atividade de longo prazo pode ser estruturada com suporte t\u00e9cnico e conex\u00e3o com o mercado.<\/p>\n<p style=\"text-align:justify\">Da escolha da gen\u00e9tica \u00e0 implanta\u00e7\u00e3o do pomar, passando pela assist\u00eancia t\u00e9cnica, produ\u00e7\u00e3o, compra, processamento e exporta\u00e7\u00e3o, a empresa leva \u00e0 Expointer uma vis\u00e3o integrada da atividade e refor\u00e7a seu papel como parceira do produtor.<\/p>\n<p style=\"text-align:justify\">A Divinut estar\u00e1 presente na Expointer 2026 junto \u00e0 Casa da AGPTEA (Associa\u00e7\u00e3o Ga\u00facha de Professores T\u00e9cnicos de Ensino Agr\u00edcola) no Parque Estadual de Exposi\u00e7\u00f5es Assis Brasil, em Esteio (RS). Durante a feira, o objetivo \u00e9 apresentar solu\u00e7\u00f5es, compartilhar conhecimento e aproximar produtores das oportunidades de uma cadeia que cresce no Brasil e conquista espa\u00e7o no mercado internacional.<\/p>\n<\/p><\/div>\n<h6><em>THE <strong>Bela Cereais<\/strong> works with the best grains on the market and also keeps you up to date with the latest news and analyses on agribusiness.<br \/>\nDon&#039;t forget to follow our social networks.<\/em><\/h6>\n<p><a href=\"https:\/\/www.agrolink.com.br\/noticias\/da-muda-a-exportacao--divinut-apresenta-na-expointer-oportunidades-para-o-produtor-de-noz-peca_518420.html\" target=\"_blank\" rel=\"noopener\">Access News Source <\/a><\/p>","protected":false},"excerpt":{"rendered":"<p>Empresa ga\u00facha aproxima produtores de gen\u00e9tica, tecnologia, assist\u00eancia t\u00e9cnica e mercado e refor\u00e7a atua\u00e7\u00e3o internacional&hellip;<\/p>","protected":false},"author":1,"featured_media":27962,"comment_status":"","ping_status":"","sticky":false,"template":"","format":"standard","meta":{"footnotes":""},"categories":[7],"tags":[244,248,255,249,254,250,246,247,256,245,253,252,251],"class_list":["post-27961","post","type-post","status-publish","format-standard","has-post-thumbnail","hentry","category-exportacoes","tag-agrolink","tag-agrotoxicos","tag-artigos-tecnicos","tag-classificados","tag-colunistas","tag-compra","tag-cotacoes","tag-defensivos","tag-eventos","tag-noticias","tag-precos-agricolas","tag-previsao-do-tempo","tag-venda"],"_links":{"self":[{"href":"https:\/\/belacereais.com.br\/en\/wp-json\/wp\/v2\/posts\/27961","targetHints":{"allow":["GET"]}}],"collection":[{"href":"https:\/\/belacereais.com.br\/en\/wp-json\/wp\/v2\/posts"}],"about":[{"href":"https:\/\/belacereais.com.br\/en\/wp-json\/wp\/v2\/types\/post"}],"author":[{"embeddable":true,"href":"https:\/\/belacereais.com.br\/en\/wp-json\/wp\/v2\/users\/1"}],"replies":[{"embeddable":true,"href":"https:\/\/belacereais.com.br\/en\/wp-json\/wp\/v2\/comments?post=27961"}],"version-history":[{"count":0,"href":"https:\/\/belacereais.com.br\/en\/wp-json\/wp\/v2\/posts\/27961\/revisions"}],"wp:featuredmedia":[{"embeddable":true,"href":"https:\/\/belacereais.com.br\/en\/wp-json\/wp\/v2\/media\/27962"}],"wp:attachment":[{"href":"https:\/\/belacereais.com.br\/en\/wp-json\/wp\/v2\/media?parent=27961"}],"wp:term":[{"taxonomy":"category","embeddable":true,"href":"https:\/\/belacereais.com.br\/en\/wp-json\/wp\/v2\/categories?post=27961"},{"taxonomy":"post_tag","embeddable":true,"href":"https:\/\/belacereais.com.br\/en\/wp-json\/wp\/v2\/tags?post=27961"}],"curies":[{"name":"wp","href":"https:\/\/api.w.org\/{rel}","templated":true}]}}