{"id":27969,"date":"2026-09-02T02:01:30","date_gmt":"2026-09-02T06:01:30","guid":{"rendered":"https:\/\/belacereais.com.br\/2026\/arroz\/mercado-do-arroz-passa-a-olhar-riscos-da-nova-safra\/"},"modified":"2026-09-02T02:01:30","modified_gmt":"2026-09-02T06:01:30","slug":"mercado-do-arroz-passa-a-olhar-riscos-da-nova-safra","status":"publish","type":"post","link":"https:\/\/belacereais.com.br\/en\/2026\/arroz\/mercado-do-arroz-passa-a-olhar-riscos-da-nova-safra\/","title":{"rendered":"The rice market is now focusing on the risks of the new harvest."},"content":{"rendered":"<p><img decoding=\"async\" src=\"http:\/\/www.agrolink.com.br\/upload\/imagens-resizes\/d59b739ce6be49d8b1f00b9d55d9fc54_858x483.jpg\" \/><\/p>\n<div class=\"section-description section-description-noticias mt-3\">\n<p>O mercado do <a href=\"https:\/\/www.agrolink.com.br\/culturas\/arroz\/?utm_source=agrolink-detalhe-noticia&amp;utm_medium=detalhe-noticia&amp;utm_campaign=links-internos\" target=\"_blank\" rel=\"noopener\">rice<\/a> come\u00e7a a mudar de dire\u00e7\u00e3o, com as aten\u00e7\u00f5es deixando gradualmente o excedente da safra passada e se voltando para as condi\u00e7\u00f5es de oferta na temporada 2026\/27. Segundo Sergio Cardoso, analista da cadeia de <a href=\"https:\/\/www.agrolink.com.br\/culturas\/arroz\/?utm_source=agrolink-detalhe-noticia&amp;utm_medium=detalhe-noticia&amp;utm_campaign=links-internos\" target=\"_blank\" rel=\"noopener\">rice<\/a>, o movimento recente dos pre\u00e7os refor\u00e7a sinais que j\u00e1 vinham sendo observados no setor.\n<\/p>\n<div id=\"agk_14000_pos_3_sidebar_mobile\" style=\"text-align: center;\" class=\"mb-4\">\n<\/div>\n<div id=\"agk_14000_pos_4_conteudo_desktop\" style=\"text-align: center;\" class=\"d-none d-lg-block mb-md-4\">\n<\/div>\n<p>No Rio Grande do Sul, o arroz acumulou forte valoriza\u00e7\u00e3o entre julho e agosto. Conforme informa\u00e7\u00f5es do Ita\u00fa BBA publicadas pela CNN Brasil, a saca passou de R$ 60,33 para R$ 78,37 em 31 de agosto. O avan\u00e7o ocorre em meio a estoques mais ajustados, expectativa de menor produ\u00e7\u00e3o, exporta\u00e7\u00f5es e riscos clim\u00e1ticos associados ao El Ni\u00f1o.<\/p>\n<p>A inten\u00e7\u00e3o de redu\u00e7\u00e3o da \u00e1rea cultivada no Estado, anunciada pelo Irga, tamb\u00e9m amplia as incertezas sobre a pr\u00f3xima safra. O cen\u00e1rio inclui dificuldades financeiras enfrentadas pelos produtores, restri\u00e7\u00f5es de cr\u00e9dito e atraso no preparo das lavouras, fatores que podem influenciar o tamanho da produ\u00e7\u00e3o.\n<\/p>\n<div id=\"agk_14000_pos_4_conteudo_mobile\" style=\"text-align: center;\" class=\"mb-4\">\n<\/div>\n<div id=\"agk_14000_pos_5_conteudo_desktop\" style=\"text-align: center;\" class=\"d-none d-lg-block mb-md-4\">\n<\/div>\n<p>As preocupa\u00e7\u00f5es tamb\u00e9m aparecem fora do Mercosul. Em importantes regi\u00f5es produtoras da \u00c1sia, as mon\u00e7\u00f5es registram excesso ou irregularidade de chuvas. Nos Estados Unidos, a perspectiva \u00e9 de menor \u00e1rea cultivada e redu\u00e7\u00e3o da produ\u00e7\u00e3o. A combina\u00e7\u00e3o de riscos clim\u00e1ticos e produtivos em diferentes regi\u00f5es aumenta a aten\u00e7\u00e3o do mercado internacional sobre a oferta futura.<\/p>\n<p>Apesar desse quadro, ainda h\u00e1 arroz dispon\u00edvel no Mercosul e n\u00e3o existe indica\u00e7\u00e3o de falta imediata do produto. A aten\u00e7\u00e3o est\u00e1 concentrada no volume que efetivamente chegar\u00e1 ao mercado e nas condi\u00e7\u00f5es de oferta at\u00e9 a entrada da pr\u00f3xima safra.<\/p>\n<p>Setembro, portanto, ser\u00e1 decisivo para acompanhar o avan\u00e7o do plantio, o clima, a disposi\u00e7\u00e3o dos produtores para vender e a confirma\u00e7\u00e3o das estimativas de produ\u00e7\u00e3o. O mercado passa a incorporar aos pre\u00e7os n\u00e3o apenas a oferta atual, mas tamb\u00e9m os riscos relacionados \u00e0 pr\u00f3xima temporada.<br \/>\n\u00a0\n<\/p>\n<div id=\"agk_14000_pos_5_conteudo_mobile\" style=\"text-align: center;\" class=\"mb-4\">\n<\/div><\/div>\n<h6><em>THE <strong>Bela Cereais<\/strong> It works with the best rice grains on the market and also keeps you up-to-date on the latest news and analysis about agribusiness.<br \/>\nDon&#039;t forget to follow our social networks.<\/em><\/h6>\n<p><a href=\"https:\/\/www.agrolink.com.br\/noticias\/mercado-do-arroz-passa-a-olhar-riscos-da-nova-safra_518436.html\" target=\"_blank\" rel=\"noopener\">Access News Source <\/a><\/p>","protected":false},"excerpt":{"rendered":"<p>O mercado do arroz come\u00e7a a mudar de dire\u00e7\u00e3o, com as aten\u00e7\u00f5es deixando gradualmente o&hellip;<\/p>","protected":false},"author":1,"featured_media":27970,"comment_status":"","ping_status":"","sticky":false,"template":"","format":"standard","meta":{"footnotes":""},"categories":[204],"tags":[244,248,255,249,254,250,246,247,256,245,253,252,251],"class_list":["post-27969","post","type-post","status-publish","format-standard","has-post-thumbnail","hentry","category-arroz","tag-agrolink","tag-agrotoxicos","tag-artigos-tecnicos","tag-classificados","tag-colunistas","tag-compra","tag-cotacoes","tag-defensivos","tag-eventos","tag-noticias","tag-precos-agricolas","tag-previsao-do-tempo","tag-venda"],"_links":{"self":[{"href":"https:\/\/belacereais.com.br\/en\/wp-json\/wp\/v2\/posts\/27969","targetHints":{"allow":["GET"]}}],"collection":[{"href":"https:\/\/belacereais.com.br\/en\/wp-json\/wp\/v2\/posts"}],"about":[{"href":"https:\/\/belacereais.com.br\/en\/wp-json\/wp\/v2\/types\/post"}],"author":[{"embeddable":true,"href":"https:\/\/belacereais.com.br\/en\/wp-json\/wp\/v2\/users\/1"}],"replies":[{"embeddable":true,"href":"https:\/\/belacereais.com.br\/en\/wp-json\/wp\/v2\/comments?post=27969"}],"version-history":[{"count":0,"href":"https:\/\/belacereais.com.br\/en\/wp-json\/wp\/v2\/posts\/27969\/revisions"}],"wp:featuredmedia":[{"embeddable":true,"href":"https:\/\/belacereais.com.br\/en\/wp-json\/wp\/v2\/media\/27970"}],"wp:attachment":[{"href":"https:\/\/belacereais.com.br\/en\/wp-json\/wp\/v2\/media?parent=27969"}],"wp:term":[{"taxonomy":"category","embeddable":true,"href":"https:\/\/belacereais.com.br\/en\/wp-json\/wp\/v2\/categories?post=27969"},{"taxonomy":"post_tag","embeddable":true,"href":"https:\/\/belacereais.com.br\/en\/wp-json\/wp\/v2\/tags?post=27969"}],"curies":[{"name":"wp","href":"https:\/\/api.w.org\/{rel}","templated":true}]}}