{"id":27971,"date":"2026-09-02T02:03:16","date_gmt":"2026-09-02T06:03:16","guid":{"rendered":"https:\/\/belacereais.com.br\/2026\/safra\/safra-comeca-com-precos-e-producao-em-ritmos-distintos\/"},"modified":"2026-09-02T02:03:16","modified_gmt":"2026-09-02T06:03:16","slug":"safra-comeca-com-precos-e-producao-em-ritmos-distintos","status":"publish","type":"post","link":"https:\/\/belacereais.com.br\/en\/2026\/safra\/safra-comeca-com-precos-e-producao-em-ritmos-distintos\/","title":{"rendered":"Harvest begins with prices and production at different rates."},"content":{"rendered":"<p><img decoding=\"async\" src=\"http:\/\/www.agrolink.com.br\/upload\/imagens-resizes\/f26d9088a52149b784d3c80fe903e969_858x483.jpg\" \/><\/p>\n<div class=\"section-description section-description-noticias mt-3\">\n<p>A safra 2026\/27 come\u00e7a marcada por um descompasso entre as condi\u00e7\u00f5es observadas no campo, o comportamento dos pre\u00e7os e o resultado financeiro do produtor. A avalia\u00e7\u00e3o \u00e9 de Ricardo Leite, superintendente executivo do Banco Safra, que destaca a influ\u00eancia de fatores produtivos, comerciais, cambiais e geopol\u00edticos sobre as principais culturas.\n<\/p>\n<div id=\"agk_14000_pos_3_sidebar_mobile\" style=\"text-align: center;\" class=\"mb-4\">\n<\/div>\n<div id=\"agk_14000_pos_4_conteudo_desktop\" style=\"text-align: center;\" class=\"d-none d-lg-block mb-md-4\">\n<\/div>\n<p>Na soja, o plantio deve avan\u00e7ar em cen\u00e1rios distintos, com umidade mais favor\u00e1vel no Paran\u00e1 e depend\u00eancia de chuvas mais regulares em \u00e1reas do Centro-Oeste e do Norte. A diferen\u00e7a pode alterar o ritmo da semeadura, a colheita e a implanta\u00e7\u00e3o da segunda safra. A valoriza\u00e7\u00e3o internacional tamb\u00e9m reflete as lavouras dos Estados Unidos, a atua\u00e7\u00e3o dos fundos, a demanda chinesa e os riscos geopol\u00edticos.<\/p>\n<p>A alta em Chicago, por\u00e9m, n\u00e3o significa necessariamente maior ganho ao produtor brasileiro, pois os pr\u00eamios de exporta\u00e7\u00e3o podem recuar. O resultado em reais depende ainda do c\u00e2mbio, da log\u00edstica e do momento da venda. No milho, a oferta dispon\u00edvel ap\u00f3s a segunda safra ajuda a limitar a transmiss\u00e3o das altas externas ao mercado f\u00edsico brasileiro.\n<\/p>\n<div id=\"agk_14000_pos_4_conteudo_mobile\" style=\"text-align: center;\" class=\"mb-4\">\n<\/div>\n<div id=\"agk_14000_pos_5_conteudo_desktop\" style=\"text-align: center;\" class=\"d-none d-lg-block mb-md-4\">\n<\/div>\n<p>No algod\u00e3o, produtividade favor\u00e1vel n\u00e3o garante o mesmo desempenho em qualidade, que pode ser afetada pelo clima e influenciar os diferenciais de comercializa\u00e7\u00e3o. No trigo, mesmo lavouras com bom desenvolvimento convivem com forte influ\u00eancia do risco sobre a oferta do Mar Negro, do c\u00e2mbio e da paridade de importa\u00e7\u00e3o.<\/p>\n<p>Caf\u00e9 e arroz refor\u00e7am o cen\u00e1rio. No caf\u00e9, estoques reduzidos, exporta\u00e7\u00f5es, log\u00edstica e qualidade mant\u00eam a sensibilidade dos pre\u00e7os. No arroz, a recupera\u00e7\u00e3o das cota\u00e7\u00f5es convive com descapitaliza\u00e7\u00e3o, cr\u00e9dito restrito e incertezas clim\u00e1ticas. O in\u00edcio da safra mostra, assim, que produ\u00e7\u00e3o, pre\u00e7os e resultado financeiro podem seguir trajet\u00f3rias diferentes.\n<\/p>\n<div id=\"agk_14000_pos_5_conteudo_mobile\" style=\"text-align: center;\" class=\"mb-4\">\n<\/div>\n<p>\n\u00a0<\/p>\n<\/p><\/div>\n<h6><em>THE <strong>Bela Cereais<\/strong> works with the best grains on the market and also keeps you up to date with the latest news and analyses on agribusiness.<br \/>\nDon&#039;t forget to follow our social networks.<\/em><\/h6>\n<p><a href=\"https:\/\/www.agrolink.com.br\/noticias\/safra-comeca-com-precos-e-producao-em-ritmos-distintos_518437.html\" target=\"_blank\" rel=\"noopener\">Access News Source <\/a><\/p>","protected":false},"excerpt":{"rendered":"<p>A safra 2026\/27 come\u00e7a marcada por um descompasso entre as condi\u00e7\u00f5es observadas no campo, o&hellip;<\/p>","protected":false},"author":1,"featured_media":27972,"comment_status":"","ping_status":"","sticky":false,"template":"","format":"standard","meta":{"footnotes":""},"categories":[258],"tags":[244,248,255,249,254,250,246,247,256,245,253,252,251],"class_list":["post-27971","post","type-post","status-publish","format-standard","has-post-thumbnail","hentry","category-safra","tag-agrolink","tag-agrotoxicos","tag-artigos-tecnicos","tag-classificados","tag-colunistas","tag-compra","tag-cotacoes","tag-defensivos","tag-eventos","tag-noticias","tag-precos-agricolas","tag-previsao-do-tempo","tag-venda"],"_links":{"self":[{"href":"https:\/\/belacereais.com.br\/en\/wp-json\/wp\/v2\/posts\/27971","targetHints":{"allow":["GET"]}}],"collection":[{"href":"https:\/\/belacereais.com.br\/en\/wp-json\/wp\/v2\/posts"}],"about":[{"href":"https:\/\/belacereais.com.br\/en\/wp-json\/wp\/v2\/types\/post"}],"author":[{"embeddable":true,"href":"https:\/\/belacereais.com.br\/en\/wp-json\/wp\/v2\/users\/1"}],"replies":[{"embeddable":true,"href":"https:\/\/belacereais.com.br\/en\/wp-json\/wp\/v2\/comments?post=27971"}],"version-history":[{"count":0,"href":"https:\/\/belacereais.com.br\/en\/wp-json\/wp\/v2\/posts\/27971\/revisions"}],"wp:featuredmedia":[{"embeddable":true,"href":"https:\/\/belacereais.com.br\/en\/wp-json\/wp\/v2\/media\/27972"}],"wp:attachment":[{"href":"https:\/\/belacereais.com.br\/en\/wp-json\/wp\/v2\/media?parent=27971"}],"wp:term":[{"taxonomy":"category","embeddable":true,"href":"https:\/\/belacereais.com.br\/en\/wp-json\/wp\/v2\/categories?post=27971"},{"taxonomy":"post_tag","embeddable":true,"href":"https:\/\/belacereais.com.br\/en\/wp-json\/wp\/v2\/tags?post=27971"}],"curies":[{"name":"wp","href":"https:\/\/api.w.org\/{rel}","templated":true}]}}