{"id":27973,"date":"2026-09-02T06:07:19","date_gmt":"2026-09-02T10:07:19","guid":{"rendered":"https:\/\/belacereais.com.br\/2026\/safra\/consultoria-ve-clima-e-frete-pressionando-a-soja\/"},"modified":"2026-09-02T06:07:19","modified_gmt":"2026-09-02T10:07:19","slug":"consultoria-ve-clima-e-frete-pressionando-a-soja","status":"publish","type":"post","link":"https:\/\/belacereais.com.br\/en\/2026\/safra\/consultoria-ve-clima-e-frete-pressionando-a-soja\/","title":{"rendered":"Consulting firm sees weather and freight rates putting pressure on soybean prices."},"content":{"rendered":"<p><img decoding=\"async\" src=\"http:\/\/www.agrolink.com.br\/upload\/imagens-resizes\/2d0e1e5854844f07a8678c12984cc697_858x483.jpg\" \/><\/p>\n<div class=\"section-description section-description-noticias mt-3\">\n<p>The market of <a href=\"https:\/\/www.agrolink.com.br\/culturas\/soja?utm_source=agrolink-detalhe-noticia&amp;utm_medium=detalhe-noticia&amp;utm_campaign=links-internos\" target=\"_blank\" rel=\"noopener\">soy<\/a> inicia setembro com aten\u00e7\u00e3o dividida entre a valoriza\u00e7\u00e3o dos pre\u00e7os, o avan\u00e7o do calend\u00e1rio de plantio e os riscos clim\u00e1ticos que podem afetar a implanta\u00e7\u00e3o da safra 2026\/27. Segundo levantamento da TF Agroecon\u00f4mica, chuvas intensas no Sul, restri\u00e7\u00f5es do vazio sanit\u00e1rio e custos log\u00edsticos elevados seguem influenciando o ritmo dos trabalhos e as cota\u00e7\u00f5es nas principais regi\u00f5es produtoras.\n<\/p>\n<div id=\"agk_14000_pos_3_sidebar_mobile\" style=\"text-align: center;\" class=\"mb-4\">\n<\/div>\n<div id=\"agk_14000_pos_4_conteudo_desktop\" style=\"text-align: center;\" class=\"d-none d-lg-block mb-md-4\">\n<\/div>\n<p>No Rio Grande do Sul, acumulados superiores a 80 mil\u00edmetros podem atrasar a entrada de m\u00e1quinas ap\u00f3s o fim do vazio sanit\u00e1rio. O estado projeta redu\u00e7\u00e3o da \u00e1rea de soja, mas a Emater\/RS prev\u00ea aumento da produ\u00e7\u00e3o com recupera\u00e7\u00e3o da produtividade. Em Iju\u00ed, a saca chegou a R$ 148,30, enquanto no porto de Rio Grande foi negociada a R$ 160,00.<\/p>\n<p>Em Santa Catarina, Rio do Sul registrou forte valoriza\u00e7\u00e3o, enquanto a refer\u00eancia FOB de Abelardo Luz chegou a R$ 155,00, com m\u00e1xima de R$ 159,00. No Paran\u00e1, o vazio sanit\u00e1rio terminou de forma escalonada em parte do estado, liberando o plantio em v\u00e1rias regi\u00f5es. O Deral projeta produ\u00e7\u00e3o de 22,6 milh\u00f5es de toneladas, com \u00e1rea est\u00e1vel em 5,76 milh\u00f5es de hectares, e Paranagu\u00e1 alcan\u00e7ou R$ 159,00 por saca.\n<\/p>\n<div id=\"agk_14000_pos_4_conteudo_mobile\" style=\"text-align: center;\" class=\"mb-4\">\n<\/div>\n<div id=\"agk_14000_pos_5_conteudo_desktop\" style=\"text-align: center;\" class=\"d-none d-lg-block mb-md-4\">\n<\/div>\n<p>Em Mato Grosso do Sul, o vazio sanit\u00e1rio segue at\u00e9 15 de setembro, em meio ao avan\u00e7o dos casos de ferrugem asi\u00e1tica e \u00e0 previs\u00e3o de cerca de 50 mil\u00edmetros de chuva. Em Dourados, a soja ficou em R$ 144,60, e em Campo Grande, em R$ 145,10.<\/p>\n<p>Em Mato Grosso, o frete entre Sorriso e Santos, entre R$ 280 e R$ 320 por tonelada, continua pressionando os pre\u00e7os no interior. O Imea projeta produ\u00e7\u00e3o de 48,88 milh\u00f5es de toneladas para 2026\/27, enquanto Sorriso registrou R$ 139,00 por saca e Rondon\u00f3polis, R$ 144,00.<\/p>\n<p>\n\u00a0<\/p>\n<\/p><\/div>\n<h6><em>THE <strong>Bela Cereais<\/strong> works with the best grains on the market and also keeps you up to date with the latest news and analyses on agribusiness.<br \/>\nDon&#039;t forget to follow our social networks.<\/em><\/h6>\n<p><a href=\"https:\/\/www.agrolink.com.br\/noticias\/consultoria-ve-clima-e-frete-pressionando-a-soja_518439.html\" target=\"_blank\" rel=\"noopener\">Access News Source <\/a><\/p>","protected":false},"excerpt":{"rendered":"<p>O mercado de soja inicia setembro com aten\u00e7\u00e3o dividida entre a valoriza\u00e7\u00e3o dos pre\u00e7os, o&hellip;<\/p>","protected":false},"author":1,"featured_media":27974,"comment_status":"","ping_status":"","sticky":false,"template":"","format":"standard","meta":{"footnotes":""},"categories":[258],"tags":[244,248,255,249,254,250,246,247,256,245,253,252,251],"class_list":["post-27973","post","type-post","status-publish","format-standard","has-post-thumbnail","hentry","category-safra","tag-agrolink","tag-agrotoxicos","tag-artigos-tecnicos","tag-classificados","tag-colunistas","tag-compra","tag-cotacoes","tag-defensivos","tag-eventos","tag-noticias","tag-precos-agricolas","tag-previsao-do-tempo","tag-venda"],"_links":{"self":[{"href":"https:\/\/belacereais.com.br\/en\/wp-json\/wp\/v2\/posts\/27973","targetHints":{"allow":["GET"]}}],"collection":[{"href":"https:\/\/belacereais.com.br\/en\/wp-json\/wp\/v2\/posts"}],"about":[{"href":"https:\/\/belacereais.com.br\/en\/wp-json\/wp\/v2\/types\/post"}],"author":[{"embeddable":true,"href":"https:\/\/belacereais.com.br\/en\/wp-json\/wp\/v2\/users\/1"}],"replies":[{"embeddable":true,"href":"https:\/\/belacereais.com.br\/en\/wp-json\/wp\/v2\/comments?post=27973"}],"version-history":[{"count":0,"href":"https:\/\/belacereais.com.br\/en\/wp-json\/wp\/v2\/posts\/27973\/revisions"}],"wp:featuredmedia":[{"embeddable":true,"href":"https:\/\/belacereais.com.br\/en\/wp-json\/wp\/v2\/media\/27974"}],"wp:attachment":[{"href":"https:\/\/belacereais.com.br\/en\/wp-json\/wp\/v2\/media?parent=27973"}],"wp:term":[{"taxonomy":"category","embeddable":true,"href":"https:\/\/belacereais.com.br\/en\/wp-json\/wp\/v2\/categories?post=27973"},{"taxonomy":"post_tag","embeddable":true,"href":"https:\/\/belacereais.com.br\/en\/wp-json\/wp\/v2\/tags?post=27973"}],"curies":[{"name":"wp","href":"https:\/\/api.w.org\/{rel}","templated":true}]}}