{"id":27978,"date":"2026-09-02T09:22:02","date_gmt":"2026-09-02T13:22:02","guid":{"rendered":"https:\/\/belacereais.com.br\/2026\/soja\/calor-e-seca-elevam-risco-de-praga-na-soja\/"},"modified":"2026-09-02T09:22:02","modified_gmt":"2026-09-02T13:22:02","slug":"calor-e-seca-elevam-risco-de-praga-na-soja","status":"publish","type":"post","link":"https:\/\/belacereais.com.br\/en\/2026\/soja\/calor-e-seca-elevam-risco-de-praga-na-soja\/","title":{"rendered":"Heat and drought increase the risk of pests in soybeans."},"content":{"rendered":"<p><img decoding=\"async\" src=\"http:\/\/www.agrolink.com.br\/upload\/imagens-resizes\/9a807dd9d46c40c5b3f7523edaa2e3e7_858x483.jpg\" \/><\/p>\n<div class=\"section-description section-description-noticias mt-3\">\n<p>A safra de <a href=\"https:\/\/www.agrolink.com.br\/culturas\/soja?utm_source=agrolink-detalhe-noticia&amp;utm_medium=detalhe-noticia&amp;utm_campaign=links-internos\" target=\"_blank\" rel=\"noopener\">soy<\/a> 2026\/27 pode enfrentar maior press\u00e3o da mosca-branca, favorecida por condi\u00e7\u00f5es de seca e calor extremo associadas ao El Ni\u00f1o. O cen\u00e1rio exige aten\u00e7\u00e3o ao monitoramento das lavouras e ao momento de entrada com <a href=\"https:\/\/www.agrolink.com.br\/agrolinkfito\/tecnologia-de-aplicacao\/aplicacao-terrestre\/como-realizar-a-aplicacao-de-inseticidas-_480508.html\" target=\"_blank\" rel=\"noopener\">Insecticides<\/a>, principalmente no in\u00edcio das infesta\u00e7\u00f5es.\n<\/p>\n<div id=\"agk_14000_pos_3_sidebar_mobile\" style=\"text-align: center;\" class=\"mb-4\">\n<\/div>\n<div id=\"agk_14000_pos_4_conteudo_desktop\" style=\"text-align: center;\" class=\"d-none d-lg-block mb-md-4\">\n<\/div>\n<p>O alerta \u00e9 do pesquisador Germison Tomquelski, da consultoria Desafios Agro. Segundo ele, a falta de controle da Bemisia tabaci pode provocar perdas entre 10% e 70% na produ\u00e7\u00e3o, equivalentes atualmente a cerca de cinco a 30 sacas de soja por hectare.<\/p>\n<p>A recomenda\u00e7\u00e3o \u00e9 acompanhar a presen\u00e7a da praga desde os est\u00e1gios iniciais e realizar o controle quando forem encontradas as primeiras ninfas, na faixa de duas a tr\u00eas por fol\u00edolo. O per\u00edodo de pr\u00e9-fechamento da cultura tamb\u00e9m exige aten\u00e7\u00e3o. \u201cFaz muita diferen\u00e7a o produtor estar preparado, com produtos espec\u00edficos \u00e0 m\u00e3o e entrar com o tratamento no momento correto. Caso contr\u00e1rio, tende a perder bastante para a praga\u201d, acrescenta Tomquelski\n<\/p>\n<div id=\"agk_14000_pos_4_conteudo_mobile\" style=\"text-align: center;\" class=\"mb-4\">\n<\/div>\n<div id=\"agk_14000_pos_5_conteudo_desktop\" style=\"text-align: center;\" class=\"d-none d-lg-block mb-md-4\">\n<\/div>\n<p>A mosca-branca pode favorecer o desenvolvimento de fumagina, que prejudica a fotoss\u00edntese, al\u00e9m de transmitir viroses capazes de afetar o crescimento das plantas, o peso dos gr\u00e3os e a colheita. \u201cEsta \u00e9 uma quest\u00e3o crucial para que se obtenha efici\u00eancia e bom resultado na conten\u00e7\u00e3o da praga\u201d, indica.<\/p>\n<p>Entre as alternativas de controle avaliadas est\u00e1 a buprofezina, ingrediente ativo com a\u00e7\u00e3o sobre as formas jovens do inseto e efic\u00e1cia pr\u00f3xima de 80%, conforme Tomquelski. O pesquisador ressalta que o manejo do inseticida deve seguir a din\u00e2mica da praga, sem depender do calend\u00e1rio de aplica\u00e7\u00e3o de fungicidas.\n<\/p>\n<div id=\"agk_14000_pos_5_conteudo_mobile\" style=\"text-align: center;\" class=\"mb-4\">\n<\/div><\/div>\n<h6><em>THE <strong>Bela Cereais<\/strong> works with the best grains on the market and also keeps you up to date with the latest news and analyses on agribusiness.<br \/>\nDon&#039;t forget to follow our social networks.<\/em><\/h6>\n<p><a href=\"https:\/\/www.agrolink.com.br\/noticias\/calor-e-seca-elevam-risco-de-praga-na-soja_518447.html\" target=\"_blank\" rel=\"noopener\">Access News Source <\/a><\/p>","protected":false},"excerpt":{"rendered":"<p>A safra de soja 2026\/27 pode enfrentar maior press\u00e3o da mosca-branca, favorecida por condi\u00e7\u00f5es de&hellip;<\/p>","protected":false},"author":1,"featured_media":27979,"comment_status":"","ping_status":"","sticky":false,"template":"","format":"standard","meta":{"footnotes":""},"categories":[259],"tags":[244,248,255,249,254,250,246,247,256,245,253,252,251],"class_list":["post-27978","post","type-post","status-publish","format-standard","has-post-thumbnail","hentry","category-soja","tag-agrolink","tag-agrotoxicos","tag-artigos-tecnicos","tag-classificados","tag-colunistas","tag-compra","tag-cotacoes","tag-defensivos","tag-eventos","tag-noticias","tag-precos-agricolas","tag-previsao-do-tempo","tag-venda"],"_links":{"self":[{"href":"https:\/\/belacereais.com.br\/en\/wp-json\/wp\/v2\/posts\/27978","targetHints":{"allow":["GET"]}}],"collection":[{"href":"https:\/\/belacereais.com.br\/en\/wp-json\/wp\/v2\/posts"}],"about":[{"href":"https:\/\/belacereais.com.br\/en\/wp-json\/wp\/v2\/types\/post"}],"author":[{"embeddable":true,"href":"https:\/\/belacereais.com.br\/en\/wp-json\/wp\/v2\/users\/1"}],"replies":[{"embeddable":true,"href":"https:\/\/belacereais.com.br\/en\/wp-json\/wp\/v2\/comments?post=27978"}],"version-history":[{"count":0,"href":"https:\/\/belacereais.com.br\/en\/wp-json\/wp\/v2\/posts\/27978\/revisions"}],"wp:featuredmedia":[{"embeddable":true,"href":"https:\/\/belacereais.com.br\/en\/wp-json\/wp\/v2\/media\/27979"}],"wp:attachment":[{"href":"https:\/\/belacereais.com.br\/en\/wp-json\/wp\/v2\/media?parent=27978"}],"wp:term":[{"taxonomy":"category","embeddable":true,"href":"https:\/\/belacereais.com.br\/en\/wp-json\/wp\/v2\/categories?post=27978"},{"taxonomy":"post_tag","embeddable":true,"href":"https:\/\/belacereais.com.br\/en\/wp-json\/wp\/v2\/tags?post=27978"}],"curies":[{"name":"wp","href":"https:\/\/api.w.org\/{rel}","templated":true}]}}