{"id":27981,"date":"2026-09-02T10:49:58","date_gmt":"2026-09-02T14:49:58","guid":{"rendered":"https:\/\/belacereais.com.br\/2026\/centro-oeste\/margem-do-esmagamento-de-soja-cai-1197-em-mato-grosso\/"},"modified":"2026-09-02T10:49:58","modified_gmt":"2026-09-02T14:49:58","slug":"margem-do-esmagamento-de-soja-cai-1197-em-mato-grosso","status":"publish","type":"post","link":"https:\/\/belacereais.com.br\/en\/2026\/centro-oeste\/margem-do-esmagamento-de-soja-cai-1197-em-mato-grosso\/","title":{"rendered":"Soybean crushing margin falls 11.97% in Mato Grosso"},"content":{"rendered":"<p><img decoding=\"async\" src=\"http:\/\/www.agrolink.com.br\/upload\/imagens-resizes\/0bf0935cceb54625bbe5b961a11406a8_858x483.jpg\" \/><\/p>\n<div class=\"section-description section-description-noticias mt-3\">\n<p style=\"text-align:justify\">The price of <a href=\"https:\/\/www.agrolink.com.br\/culturas\/soja?utm_source=agrolink-detalhe-noticia&amp;utm_medium=detalhe-noticia&amp;utm_campaign=links-internos\" target=\"_blank\" rel=\"noopener\">soy<\/a> em Mato Grosso voltou a subir em agosto de 2026 e pressionou a margem bruta de esmagamento das ind\u00fastrias processadoras do estado. Segundo dados divulgados pelo Instituto Mato-Grossense de Economia Agropecu\u00e1ria (Imea), a margem recuou 11,97% em rela\u00e7\u00e3o a julho, para uma m\u00e9dia de R$ 383,31 por tonelada, o menor n\u00edvel para o m\u00eas nos \u00faltimos tr\u00eas anos. O movimento ocorreu em meio \u00e0 valoriza\u00e7\u00e3o da saca de soja no estado. Em agosto, o gr\u00e3o foi negociado, em m\u00e9dia, a R$ 130,88 por saca, alta de R$ 13,58 por saca, ou 11,58%, ante julho.\n<\/p>\n<div id=\"agk_14000_pos_3_sidebar_mobile\" style=\"text-align: center;\" class=\"mb-4\">\n<\/div>\n<div id=\"agk_14000_pos_4_conteudo_desktop\" style=\"text-align: center;\" class=\"d-none d-lg-block mb-md-4\">\n<\/div>\n<p style=\"text-align:justify\">Segundo dados divulgados pelo Imea, a alta dos pre\u00e7os ocorre em um per\u00edodo de entressafra e tamb\u00e9m acompanha a valoriza\u00e7\u00e3o das cota\u00e7\u00f5es internacionais, diante das preocupa\u00e7\u00f5es relacionadas \u00e0 safra 2026\/27 dos Estados Unidos. A eleva\u00e7\u00e3o do custo da mat\u00e9ria-prima reduziu a margem obtida pelas ind\u00fastrias no processamento da oleaginosa. Com a soja mais valorizada, o esmagamento passou a operar com uma margem bruta menor em agosto. Apesar do cen\u00e1rio de margens industriais mais apertadas, o esmagamento de soja em Mato Grosso continua em ritmo elevado em 2026.<\/p>\n<p style=\"text-align:justify\">Segundo dados divulgados pelo Imea, o estado acumulou 8,26 milh\u00f5es de toneladas esmagadas entre janeiro e julho, alta de 4,62% em rela\u00e7\u00e3o ao mesmo per\u00edodo de 2025. O desempenho representa um recorde para o processamento no per\u00edodo e ocorre principalmente em fun\u00e7\u00e3o da demanda aquecida do setor de biocombust\u00edveis.<\/p>\n<p style=\"text-align:justify\">A for\u00e7a do mercado interno tem ampliado a necessidade de processamento da soja dentro do pr\u00f3prio estado. Mesmo com as margens das ind\u00fastrias pressionadas pela valoriza\u00e7\u00e3o do gr\u00e3o, a demanda pelos produtos resultantes do esmagamento permanece elevada.\n<\/p>\n<div id=\"agk_14000_pos_4_conteudo_mobile\" style=\"text-align: center;\" class=\"mb-4\">\n<\/div>\n<div id=\"agk_14000_pos_5_conteudo_desktop\" style=\"text-align: center;\" class=\"d-none d-lg-block mb-md-4\">\n<\/div>\n<p style=\"text-align:justify\">Esse cen\u00e1rio tamb\u00e9m interfere na din\u00e2mica dos embarques. Segundo dados divulgados pelo Imea, embora as exporta\u00e7\u00f5es de soja ainda apresentem bons volumes, o fortalecimento da demanda interna em Mato Grosso tem limitado volumes mais expressivos de embarques do gr\u00e3o. A combina\u00e7\u00e3o entre pre\u00e7os mais altos da soja e demanda interna aquecida cria um cen\u00e1rio de aten\u00e7\u00e3o para as ind\u00fastrias processadoras. De um lado, a valoriza\u00e7\u00e3o da mat\u00e9ria-prima reduz a margem bruta de esmagamento; de outro, o mercado de biocombust\u00edveis sustenta a atividade industrial.<\/p>\n<p style=\"text-align:justify\">Em agosto, a margem m\u00e9dia de R$ 383,31 por tonelada ficou 11,97% abaixo do registrado em julho. Segundo dados divulgados pelo Imea, esse foi o menor n\u00edvel para o per\u00edodo dos \u00faltimos tr\u00eas anos. Ao mesmo tempo, a soja fechou agosto com pre\u00e7o m\u00e9dio de R$ 130,88 por saca em Mato Grosso, avan\u00e7o de 11,58% em apenas um m\u00eas.<\/p>\n<p style=\"text-align:justify\">A valoriza\u00e7\u00e3o do gr\u00e3o ocorre em um momento de entressafra e em meio \u00e0 rea\u00e7\u00e3o das cota\u00e7\u00f5es internacionais \u00e0s preocupa\u00e7\u00f5es com a safra norte-americana de 2026\/27. Mesmo diante da press\u00e3o sobre as margens, o processamento segue crescendo. O acumulado de 8,26 milh\u00f5es de toneladas entre janeiro e julho representa aumento de 4,62% sobre o mesmo intervalo de 2025.\n<\/p>\n<div id=\"agk_14000_pos_5_conteudo_mobile\" style=\"text-align: center;\" class=\"mb-4\">\n<\/div>\n<p style=\"text-align:justify\">Segundo dados divulgados pelo Imea, a expans\u00e3o \u00e9 impulsionada pela demanda aquecida do setor de biocombust\u00edveis, que fortalece o mercado interno de Mato Grosso. Com isso, a din\u00e2mica da soja no estado passa a ser marcada por dois movimentos simult\u00e2neos: a valoriza\u00e7\u00e3o do gr\u00e3o reduz a margem das ind\u00fastrias, enquanto a demanda interna mant\u00e9m o esmagamento em n\u00edveis recordes.<\/p>\n<p style=\"text-align:justify\">Esse fortalecimento do processamento tamb\u00e9m reduz o espa\u00e7o para uma expans\u00e3o mais expressiva dos embarques da soja em gr\u00e3o, apesar dos bons volumes ainda registrados nas exporta\u00e7\u00f5es.<\/p>\n<\/p><\/div>\n<h6><em>THE <strong>Bela Cereais<\/strong> works with the best grains on the market in the Central West Region and also keeps you up to date with the latest news and analyses on agribusiness.<br \/>\nDon&#039;t forget to follow our social networks.<\/em><\/h6>\n<p><a href=\"https:\/\/www.agrolink.com.br\/noticias\/margem-do-esmagamento-de-soja-cai-11-97--em-mato-grosso_518451.html\" target=\"_blank\" rel=\"noopener\">Access News Source <\/a><\/p>","protected":false},"excerpt":{"rendered":"<p>O pre\u00e7o da soja em Mato Grosso voltou a subir em agosto de 2026 e&hellip;<\/p>","protected":false},"author":1,"featured_media":27893,"comment_status":"","ping_status":"","sticky":false,"template":"","format":"standard","meta":{"footnotes":""},"categories":[90],"tags":[244,248,255,249,254,250,246,247,256,245,253,252,251],"class_list":["post-27981","post","type-post","status-publish","format-standard","has-post-thumbnail","hentry","category-centro-oeste","tag-agrolink","tag-agrotoxicos","tag-artigos-tecnicos","tag-classificados","tag-colunistas","tag-compra","tag-cotacoes","tag-defensivos","tag-eventos","tag-noticias","tag-precos-agricolas","tag-previsao-do-tempo","tag-venda"],"_links":{"self":[{"href":"https:\/\/belacereais.com.br\/en\/wp-json\/wp\/v2\/posts\/27981","targetHints":{"allow":["GET"]}}],"collection":[{"href":"https:\/\/belacereais.com.br\/en\/wp-json\/wp\/v2\/posts"}],"about":[{"href":"https:\/\/belacereais.com.br\/en\/wp-json\/wp\/v2\/types\/post"}],"author":[{"embeddable":true,"href":"https:\/\/belacereais.com.br\/en\/wp-json\/wp\/v2\/users\/1"}],"replies":[{"embeddable":true,"href":"https:\/\/belacereais.com.br\/en\/wp-json\/wp\/v2\/comments?post=27981"}],"version-history":[{"count":0,"href":"https:\/\/belacereais.com.br\/en\/wp-json\/wp\/v2\/posts\/27981\/revisions"}],"wp:featuredmedia":[{"embeddable":true,"href":"https:\/\/belacereais.com.br\/en\/wp-json\/wp\/v2\/media\/27893"}],"wp:attachment":[{"href":"https:\/\/belacereais.com.br\/en\/wp-json\/wp\/v2\/media?parent=27981"}],"wp:term":[{"taxonomy":"category","embeddable":true,"href":"https:\/\/belacereais.com.br\/en\/wp-json\/wp\/v2\/categories?post=27981"},{"taxonomy":"post_tag","embeddable":true,"href":"https:\/\/belacereais.com.br\/en\/wp-json\/wp\/v2\/tags?post=27981"}],"curies":[{"name":"wp","href":"https:\/\/api.w.org\/{rel}","templated":true}]}}