{"id":27984,"date":"2026-09-02T13:00:23","date_gmt":"2026-09-02T17:00:23","guid":{"rendered":"https:\/\/belacereais.com.br\/2026\/arroz\/oferta-menor-sustenta-alta-do-arroz-em-casca-no-rio-grande-do-sul\/"},"modified":"2026-09-02T13:00:23","modified_gmt":"2026-09-02T17:00:23","slug":"oferta-menor-sustenta-alta-do-arroz-em-casca-no-rio-grande-do-sul","status":"publish","type":"post","link":"https:\/\/belacereais.com.br\/en\/2026\/arroz\/oferta-menor-sustenta-alta-do-arroz-em-casca-no-rio-grande-do-sul\/","title":{"rendered":"Lower supply sustains high prices for paddy rice in Rio Grande do Sul."},"content":{"rendered":"<p><img decoding=\"async\" src=\"http:\/\/www.agrolink.com.br\/upload\/imagens-resizes\/41f1844e255240bba2250d472a4e05ea_858x483.jpg\" \/><\/p>\n<div class=\"section-description section-description-noticias mt-3\">\n<p style=\"text-align:justify\">The price of <a href=\"https:\/\/www.agrolink.com.br\/culturas\/arroz\/?utm_source=agrolink-detalhe-noticia&amp;utm_medium=detalhe-noticia&amp;utm_campaign=links-internos\" target=\"_blank\" rel=\"noopener\">rice<\/a> em casca avan\u00e7ou no Rio Grande do Sul ao longo de agosto e alcan\u00e7ou o maior patamar nominal desde abril de 2025. Segundo dados divulgados pelo Centro de Estudos Avan\u00e7ados em Economia Aplicada (Cepea), a oferta restrita e a necessidade de reposi\u00e7\u00e3o das ind\u00fastrias sustentaram a recupera\u00e7\u00e3o das cota\u00e7\u00f5es no estado.\n<\/p>\n<div id=\"agk_14000_pos_3_sidebar_mobile\" style=\"text-align: center;\" class=\"mb-4\">\n<\/div>\n<div id=\"agk_14000_pos_4_conteudo_desktop\" style=\"text-align: center;\" class=\"d-none d-lg-block mb-md-4\">\n<\/div>\n<p style=\"text-align:justify\">Segundo dados divulgados pelo Cepea, as ind\u00fastrias encontraram dificuldades para adquirir os volumes necess\u00e1rios \u00e0 composi\u00e7\u00e3o dos estoques, diante da retra\u00e7\u00e3o dos fornecedores. Nesse cen\u00e1rio, compradores reajustaram as ofertas em diferentes momentos para viabilizar novos neg\u00f3cios. Em algumas negocia\u00e7\u00f5es, as ind\u00fastrias tamb\u00e9m buscaram condi\u00e7\u00f5es alternativas, como o alongamento dos prazos de pagamento, para conseguir concretizar as compras.<\/p>\n<p style=\"text-align:justify\">Os produtores, por sua vez, mantiveram firmeza nas pedidas. Segundo dados divulgados pelo Cepea, a postura foi sustentada pela expectativa de continuidade da valoriza\u00e7\u00e3o do arroz.<\/p>\n<p style=\"text-align:justify\">Com a alta das cota\u00e7\u00f5es, por\u00e9m, parte das ind\u00fastrias passou a demonstrar maior resist\u00eancia em atender aos valores pretendidos pelos produtores. Agentes ouvidos pelo Cepea relataram dificuldades para repassar ao arroz beneficiado os reajustes registrados na mat\u00e9ria-prima. Com isso, diminuiu o espa\u00e7o para novas altas nas ofertas de compra. A diferen\u00e7a entre as expectativas de compradores e vendedores limitou as negocia\u00e7\u00f5es em diferentes momentos de agosto.\n<\/p>\n<div id=\"agk_14000_pos_4_conteudo_mobile\" style=\"text-align: center;\" class=\"mb-4\">\n<\/div>\n<div id=\"agk_14000_pos_5_conteudo_desktop\" style=\"text-align: center;\" class=\"d-none d-lg-block mb-md-4\">\n<\/div>\n<p style=\"text-align:justify\">Nos \u00faltimos dias do m\u00eas, houve aumento da disponibilidade de arroz em casca em parte das regi\u00f5es acompanhadas pelo Cepea. A maior oferta permitiu, inclusive, a negocia\u00e7\u00e3o de lotes maiores.<\/p>\n<p style=\"text-align:justify\">Apesar do aumento da disponibilidade, os pre\u00e7os n\u00e3o recuaram. Segundo dados divulgados pelo Cepea, a firmeza dos produtores continuou dando sustenta\u00e7\u00e3o \u00e0s cota\u00e7\u00f5es. Outro fator ganhou relev\u00e2ncia no fim de agosto: a demanda internacional. O interesse externo foi especialmente importante nas regi\u00f5es pr\u00f3ximas ao Porto de Rio Grande.<\/p>\n<p style=\"text-align:justify\">Segundo dados divulgados pelo Cepea, a demanda internacional levou compradores a elevar os valores propostos em determinados lotes e deu novo suporte aos pre\u00e7os do arroz em casca.<\/p>\n<p style=\"text-align:justify\">Dessa forma, o mercado ga\u00facho encerrou agosto com uma combina\u00e7\u00e3o de fatores que manteve as cota\u00e7\u00f5es firmes: oferta ainda restrita em boa parte das regi\u00f5es, produtores resistentes em suas pedidas e maior interesse internacional. A m\u00e9dia mensal do Indicador CEPEA\/IRGA-RS atingiu, em termos nominais, o maior n\u00edvel desde abril de 2025, consolidando a recupera\u00e7\u00e3o dos pre\u00e7os ao longo do m\u00eas.\n<\/p>\n<div id=\"agk_14000_pos_5_conteudo_mobile\" style=\"text-align: center;\" class=\"mb-4\">\n<\/div><\/div>\n<h6><em>THE <strong>Bela Cereais<\/strong> It works with the best rice grains on the market and also keeps you up-to-date on the latest news and analysis about agribusiness.<br \/>\nDon&#039;t forget to follow our social networks.<\/em><\/h6>\n<p><a href=\"https:\/\/www.agrolink.com.br\/noticias\/oferta-menor-sustenta-alta-do-arroz-em-casca-no-rio-grande-do-sul_518457.html\" target=\"_blank\" rel=\"noopener\">Access News Source <\/a><\/p>","protected":false},"excerpt":{"rendered":"<p>O pre\u00e7o do arroz em casca avan\u00e7ou no Rio Grande do Sul ao longo de&hellip;<\/p>","protected":false},"author":1,"featured_media":27985,"comment_status":"","ping_status":"","sticky":false,"template":"","format":"standard","meta":{"footnotes":""},"categories":[204],"tags":[244,248,255,249,254,250,246,247,256,245,253,252,251],"class_list":["post-27984","post","type-post","status-publish","format-standard","has-post-thumbnail","hentry","category-arroz","tag-agrolink","tag-agrotoxicos","tag-artigos-tecnicos","tag-classificados","tag-colunistas","tag-compra","tag-cotacoes","tag-defensivos","tag-eventos","tag-noticias","tag-precos-agricolas","tag-previsao-do-tempo","tag-venda"],"_links":{"self":[{"href":"https:\/\/belacereais.com.br\/en\/wp-json\/wp\/v2\/posts\/27984","targetHints":{"allow":["GET"]}}],"collection":[{"href":"https:\/\/belacereais.com.br\/en\/wp-json\/wp\/v2\/posts"}],"about":[{"href":"https:\/\/belacereais.com.br\/en\/wp-json\/wp\/v2\/types\/post"}],"author":[{"embeddable":true,"href":"https:\/\/belacereais.com.br\/en\/wp-json\/wp\/v2\/users\/1"}],"replies":[{"embeddable":true,"href":"https:\/\/belacereais.com.br\/en\/wp-json\/wp\/v2\/comments?post=27984"}],"version-history":[{"count":0,"href":"https:\/\/belacereais.com.br\/en\/wp-json\/wp\/v2\/posts\/27984\/revisions"}],"wp:featuredmedia":[{"embeddable":true,"href":"https:\/\/belacereais.com.br\/en\/wp-json\/wp\/v2\/media\/27985"}],"wp:attachment":[{"href":"https:\/\/belacereais.com.br\/en\/wp-json\/wp\/v2\/media?parent=27984"}],"wp:term":[{"taxonomy":"category","embeddable":true,"href":"https:\/\/belacereais.com.br\/en\/wp-json\/wp\/v2\/categories?post=27984"},{"taxonomy":"post_tag","embeddable":true,"href":"https:\/\/belacereais.com.br\/en\/wp-json\/wp\/v2\/tags?post=27984"}],"curies":[{"name":"wp","href":"https:\/\/api.w.org\/{rel}","templated":true}]}}