{"id":27986,"date":"2026-09-02T16:29:28","date_gmt":"2026-09-02T20:29:28","guid":{"rendered":"https:\/\/belacereais.com.br\/2026\/soja\/ms-buva-percevejo-e-cercospora-entram-no-radar-da-soja\/"},"modified":"2026-09-02T16:29:28","modified_gmt":"2026-09-02T20:29:28","slug":"ms-buva-percevejo-e-cercospora-entram-no-radar-da-soja","status":"publish","type":"post","link":"https:\/\/belacereais.com.br\/en\/2026\/soja\/ms-buva-percevejo-e-cercospora-entram-no-radar-da-soja\/","title":{"rendered":"MS: Fleabane, stink bugs, and cercospora enter the soybean radar."},"content":{"rendered":"<p><img decoding=\"async\" src=\"http:\/\/www.agrolink.com.br\/upload\/imagens-resizes\/9777b0beb6904ceea1cd92ec6add8791_858x483.jpg\" \/><\/p>\n<div class=\"section-description section-description-noticias mt-3\">\n<p style=\"text-align:justify\">THE <a href=\"https:\/\/www.agrolink.com.br\/culturas\/soja?utm_source=agrolink-detalhe-noticia&amp;utm_medium=detalhe-noticia&amp;utm_campaign=links-internos\" target=\"_blank\" rel=\"noopener\">soy<\/a> 2026\/27 come\u00e7a a entrar no radar dos produtores de Mato Grosso do Sul antes mesmo do encerramento da segunda safra de <a href=\"https:\/\/www.agrolink.com.br\/culturas\/milho?utm_source=agrolink-detalhe-noticia&amp;utm_medium=detalhe-noticia&amp;utm_campaign=links-internos%09\" target=\"_blank\" rel=\"noopener\">corn<\/a>. Com 63,9% da \u00e1rea monitorada de <a href=\"https:\/\/www.agrolink.com.br\/culturas\/milho?utm_source=agrolink-detalhe-noticia&amp;utm_medium=detalhe-noticia&amp;utm_campaign=links-internos%09\" target=\"_blank\" rel=\"noopener\">corn<\/a> j\u00e1 colhida, segundo dados divulgados pela Aprosoja\/MS, ocorr\u00eancias registradas na entressafra e problemas observados nos \u00faltimos ciclos ajudam a definir os principais pontos de aten\u00e7\u00e3o para o novo cultivo.\n<\/p>\n<div id=\"agk_14000_pos_3_sidebar_mobile\" style=\"text-align: center;\" class=\"mb-4\">\n<\/div>\n<div id=\"agk_14000_pos_4_conteudo_desktop\" style=\"text-align: center;\" class=\"d-none d-lg-block mb-md-4\">\n<\/div>\n<p style=\"text-align:justify\">O cen\u00e1rio foi discutido durante o Evento Consultor Mato Grosso do Sul, promovido pela ADAMA em Campo Grande. O encontro reuniu consultores que atuam no Estado e pesquisadores para tratar de desafios relacionados \u00e0 transi\u00e7\u00e3o entre as culturas, com destaque para o controle da buva, o comportamento de pragas e doen\u00e7as, a resist\u00eancia, a intensifica\u00e7\u00e3o dos sistemas produtivos e a influ\u00eancia do clima nas decis\u00f5es do campo.<\/p>\n<p style=\"text-align:justify\">Entre os alertas est\u00e1 a presen\u00e7a de buva nas \u00e1reas monitoradas durante o avan\u00e7o das opera\u00e7\u00f5es de desseca\u00e7\u00e3o. Levantamento do SIGA-MS apontou ocorr\u00eancia elevada da planta daninha, enquanto consultores e especialistas tamb\u00e9m chamaram aten\u00e7\u00e3o para popula\u00e7\u00f5es de percevejo-marrom e para o aumento da incid\u00eancia de cercospora no final do ciclo da soja nas \u00faltimas temporadas.<\/p>\n<p style=\"text-align:justify\">\u201c\u00c9 importante considerar o que cada \u00e1rea mostrou anteriormente e o que est\u00e1 acontecendo nela agora. Mato Grosso do Sul est\u00e1 em uma zona de transi\u00e7\u00e3o clim\u00e1tica, caracter\u00edstica que interfere na din\u00e2mica de pragas, doen\u00e7as e plantas daninhas. Essas informa\u00e7\u00f5es ajudam a direcionar melhor as decis\u00f5es agron\u00f4micas\u201d, afirma Rubia Bovo, engenheira agr\u00f4noma de Desenvolvimento de Mercado da ADAMA.<\/p>\n<p style=\"text-align:justify\">No caso da buva, o planejamento come\u00e7a antes da semeadura, com aten\u00e7\u00e3o \u00e0 desseca\u00e7\u00e3o e ao uso de estrat\u00e9gias de pr\u00e9-emerg\u00eancia para esp\u00e9cies de dif\u00edcil controle. O monitoramento e o momento das interven\u00e7\u00f5es tamb\u00e9m foram destacados nas discuss\u00f5es, considerando o comportamento de pragas e doen\u00e7as observado nos \u00faltimos anos.\n<\/p>\n<div id=\"agk_14000_pos_4_conteudo_mobile\" style=\"text-align: center;\" class=\"mb-4\">\n<\/div>\n<div id=\"agk_14000_pos_5_conteudo_desktop\" style=\"text-align: center;\" class=\"d-none d-lg-block mb-md-4\">\n<\/div>\n<p style=\"text-align:justify\">A resist\u00eancia aos produtos utilizados no manejo tamb\u00e9m entra na prepara\u00e7\u00e3o para a pr\u00f3xima safra. A sucess\u00e3o intensa de culturas e as janelas operacionais mais curtas aumentam a complexidade das decis\u00f5es, especialmente em grandes propriedades, onde a realiza\u00e7\u00e3o das opera\u00e7\u00f5es no per\u00edodo adequado interfere no resultado agron\u00f4mico.<\/p>\n<p style=\"text-align:justify\">Outro ponto de preocupa\u00e7\u00e3o \u00e9 o uso repetitivo das mesmas mol\u00e9culas para o controle de diferentes alvos. Segundo as discuss\u00f5es realizadas no evento, essa pr\u00e1tica favorece a sele\u00e7\u00e3o de popula\u00e7\u00f5es resistentes e refor\u00e7a a necessidade de estrat\u00e9gias mais integradas no manejo.<\/p>\n<p style=\"text-align:justify\">O cons\u00f3rcio de milho com braqui\u00e1ria tamb\u00e9m foi abordado como uma pr\u00e1tica capaz de contribuir para o sistema produtivo. Amplamente utilizado em Mato Grosso do Sul, o modelo amplia a cobertura do solo, contribui para sua estrutura e auxilia no controle de esp\u00e9cies daninhas.<\/p>\n<p>A pr\u00e1tica tamb\u00e9m pode favorecer maior resili\u00eancia em regi\u00f5es sujeitas a per\u00edodos de veranico. Dessa forma, o manejo da cobertura passa a integrar as estrat\u00e9gias discutidas para a prepara\u00e7\u00e3o das \u00e1reas para o pr\u00f3ximo ciclo.<\/p>\n<p>As condi\u00e7\u00f5es clim\u00e1ticas completam o cen\u00e1rio de aten\u00e7\u00e3o para a soja 2026\/27. Com a influ\u00eancia do El Ni\u00f1o sobre o ciclo, acompanhar as condi\u00e7\u00f5es de cada regi\u00e3o e ajustar as decis\u00f5es durante o desenvolvimento das lavouras ganha import\u00e2ncia no planejamento agron\u00f4mico.\n<\/p>\n<div id=\"agk_14000_pos_5_conteudo_mobile\" style=\"text-align: center;\" class=\"mb-4\">\n<\/div>\n<p>Para a ADAMA, reunir consultores neste momento permite aproximar as informa\u00e7\u00f5es observadas nas diferentes regi\u00f5es da realidade de cada propriedade.<\/p>\n<p>\u201cMato Grosso do Sul tem import\u00e2ncia relevante para a produ\u00e7\u00e3o brasileira e, ao mesmo tempo, uma realidade agron\u00f4mica bastante particular. O evento permite discutir o que est\u00e1 sendo observado no campo, trocar informa\u00e7\u00f5es com pesquisadores e transformar esse conhecimento regional em decis\u00f5es mais assertivas\u201d, afirma Rafael Mancini, gerente de Desenvolvimento de Mercado da ADAMA.<\/p>\n<p>A proposta discutida no encontro \u00e9 utilizar as informa\u00e7\u00f5es acumuladas ao longo dos ciclos para antecipar decis\u00f5es e direcionar o manejo conforme as caracter\u00edsticas de cada \u00e1rea.<\/p>\n<p>\u201cQuando conectamos o hist\u00f3rico da \u00e1rea, o cen\u00e1rio atual e as condi\u00e7\u00f5es esperadas para os pr\u00f3ximos meses, ampliamos a capacidade de planejar antes que o problema esteja instalado\u201d, conclui Mancini.<\/p>\n<\/p><\/div>\n<h6><em>THE <strong>Bela Cereais<\/strong> works with the best grains on the market and also keeps you up to date with the latest news and analyses on agribusiness.<br \/>\nDon&#039;t forget to follow our social networks.<\/em><\/h6>\n<p><a href=\"https:\/\/www.agrolink.com.br\/noticias\/ms--buva--percevejo-e-cercospora-entram-no-radar-da-soja_518464.html\" target=\"_blank\" rel=\"noopener\">Access News Source <\/a><\/p>","protected":false},"excerpt":{"rendered":"<p>A soja 2026\/27 come\u00e7a a entrar no radar dos produtores de Mato Grosso do Sul&hellip;<\/p>","protected":false},"author":1,"featured_media":27725,"comment_status":"","ping_status":"","sticky":false,"template":"","format":"standard","meta":{"footnotes":""},"categories":[259],"tags":[244,248,255,249,254,250,246,247,256,245,253,252,251],"class_list":["post-27986","post","type-post","status-publish","format-standard","has-post-thumbnail","hentry","category-soja","tag-agrolink","tag-agrotoxicos","tag-artigos-tecnicos","tag-classificados","tag-colunistas","tag-compra","tag-cotacoes","tag-defensivos","tag-eventos","tag-noticias","tag-precos-agricolas","tag-previsao-do-tempo","tag-venda"],"_links":{"self":[{"href":"https:\/\/belacereais.com.br\/en\/wp-json\/wp\/v2\/posts\/27986","targetHints":{"allow":["GET"]}}],"collection":[{"href":"https:\/\/belacereais.com.br\/en\/wp-json\/wp\/v2\/posts"}],"about":[{"href":"https:\/\/belacereais.com.br\/en\/wp-json\/wp\/v2\/types\/post"}],"author":[{"embeddable":true,"href":"https:\/\/belacereais.com.br\/en\/wp-json\/wp\/v2\/users\/1"}],"replies":[{"embeddable":true,"href":"https:\/\/belacereais.com.br\/en\/wp-json\/wp\/v2\/comments?post=27986"}],"version-history":[{"count":0,"href":"https:\/\/belacereais.com.br\/en\/wp-json\/wp\/v2\/posts\/27986\/revisions"}],"wp:featuredmedia":[{"embeddable":true,"href":"https:\/\/belacereais.com.br\/en\/wp-json\/wp\/v2\/media\/27725"}],"wp:attachment":[{"href":"https:\/\/belacereais.com.br\/en\/wp-json\/wp\/v2\/media?parent=27986"}],"wp:term":[{"taxonomy":"category","embeddable":true,"href":"https:\/\/belacereais.com.br\/en\/wp-json\/wp\/v2\/categories?post=27986"},{"taxonomy":"post_tag","embeddable":true,"href":"https:\/\/belacereais.com.br\/en\/wp-json\/wp\/v2\/tags?post=27986"}],"curies":[{"name":"wp","href":"https:\/\/api.w.org\/{rel}","templated":true}]}}