{"id":27989,"date":"2026-09-02T17:59:20","date_gmt":"2026-09-02T21:59:20","guid":{"rendered":"https:\/\/belacereais.com.br\/2026\/milho\/milho-veja-as-estrategias-para-reduzir-perdas-por-doencas\/"},"modified":"2026-09-02T17:59:20","modified_gmt":"2026-09-02T21:59:20","slug":"milho-veja-as-estrategias-para-reduzir-perdas-por-doencas","status":"publish","type":"post","link":"https:\/\/belacereais.com.br\/en\/2026\/milho\/milho-veja-as-estrategias-para-reduzir-perdas-por-doencas\/","title":{"rendered":"Corn: See the strategies to reduce losses due to disease."},"content":{"rendered":"<p><img decoding=\"async\" src=\"http:\/\/www.agrolink.com.br\/upload\/imagens-resizes\/7b0572e203584a089ebeb0c2b772fc65_858x483.jpg\" \/><\/p>\n<div class=\"section-description section-description-noticias mt-3\">\n<p style=\"text-align:justify\">Segundo o Governo da Argentina, as doen\u00e7as do <a href=\"https:\/\/www.agrolink.com.br\/culturas\/milho?utm_source=agrolink-detalhe-noticia&amp;utm_medium=detalhe-noticia&amp;utm_campaign=links-internos%09\" target=\"_blank\" rel=\"noopener\">corn<\/a> est\u00e3o passando por mudan\u00e7as no comportamento epidemiol\u00f3gico, na distribui\u00e7\u00e3o e na intensidade em diferentes regi\u00f5es produtoras. O cen\u00e1rio foi analisado pelo fitopatologista Enrique Alberione, da EEA INTA Marcos Ju\u00e1rez, durante um Dia de Atualiza\u00e7\u00e3o T\u00e9cnica sobre Culturas de Gr\u00e3os Grossos, com foco nos riscos sanit\u00e1rios e nas estrat\u00e9gias para reduzir perdas de produtividade.\n<\/p>\n<div id=\"agk_14000_pos_3_sidebar_mobile\" style=\"text-align: center;\" class=\"mb-4\">\n<\/div>\n<div id=\"agk_14000_pos_4_conteudo_desktop\" style=\"text-align: center;\" class=\"d-none d-lg-block mb-md-4\">\n<\/div>\n<p style=\"text-align:justify\">A ferrugem comum, a mancha branca e os carv\u00f5es est\u00e3o entre os principais desafios enfrentados pela cultura. Segundo dados divulgados pelo INTA Marcos Ju\u00e1rez e pela regi\u00e3o sul de Santa F\u00e9 do CREA, resultados de pesquisas e ensaios regionais podem ajudar no planejamento da pr\u00f3xima safra.<\/p>\n<p style=\"text-align:justify\">O evento foi organizado pelo INTA Marcos Ju\u00e1rez e pela regi\u00e3o sul de Santa F\u00e9 do CREA, como parte de um trabalho colaborativo para gerar e validar informa\u00e7\u00f5es voltadas \u00e0 tomada de decis\u00f5es. A programa\u00e7\u00e3o reuniu resultados de pesquisas e ensaios conduzidos por t\u00e9cnicos das duas institui\u00e7\u00f5es.<\/p>\n<p style=\"text-align:justify\">No caso da ferrugem comum, o impacto sobre a produtividade depende das condi\u00e7\u00f5es ambientais e da suscetibilidade do h\u00edbrido. As perdas podem variar de 5% a 10%, chegar a 15% a 30% em h\u00edbridos suscet\u00edveis e alcan\u00e7ar 40% a 60% em infesta\u00e7\u00f5es severas. Na Argentina, tamb\u00e9m foram registradas redu\u00e7\u00f5es de 3% a 8% no peso dos gr\u00e3os quando a severidade da doen\u00e7a atingiu 10%.<\/p>\n<p style=\"text-align:justify\">O fungo causador da ferrugem comum, Puccinia sorghi, possui um ciclo de vida que depende de um hospedeiro alternativo do g\u00eanero Oxalis. Segundo Alberione, essa caracter\u00edstica faz com que o pat\u00f3geno precise de duas esp\u00e9cies de plantas para completar seu desenvolvimento e sobreviver entre as safras. &#8220;\u00c9 um pat\u00f3geno classificado como heteroico, j\u00e1 que precisa absolutamente de duas esp\u00e9cies de plantas diferentes para completar todo o seu ciclo de vida&#8221;, observou. A infec\u00e7\u00e3o \u00e9 favorecida por temperaturas entre 16 \u00b0C e 23 \u00b0C, alta umidade relativa, presen\u00e7a de orvalho e pelo menos oito horas de umidade foliar.<\/p>\n<p style=\"text-align:justify\">Durante a safra 2025\/26, por\u00e9m, o comportamento da doen\u00e7a apresentou diferen\u00e7as em rela\u00e7\u00e3o ao esperado. A incid\u00eancia e a severidade foram baixas no milho plantado precocemente, enquanto a ferrugem teve maior presen\u00e7a nos campos de plantio tardio. &#8220;Isso teria uma rela\u00e7\u00e3o inversa com o que sabemos sobre a doen\u00e7a, porque a ferrugem deveria diminuir em temperaturas mais altas. Contudo, ela foi mais prevalente no milho plantado tardiamente, ent\u00e3o podemos estar diante de uma poss\u00edvel mudan\u00e7a no comportamento do pat\u00f3geno&#8221;, alertou Alberione.<\/p>\n<p style=\"text-align:justify\">Diante desse cen\u00e1rio, a resist\u00eancia gen\u00e9tica permanece como uma das principais ferramentas para o manejo. Os h\u00edbridos podem combinar resist\u00eancia qualitativa, que restringe a esporula\u00e7\u00e3o, resist\u00eancia quantitativa, que reduz severidade, dissemina\u00e7\u00e3o e produ\u00e7\u00e3o de esporos, e resist\u00eancia da planta adulta, que re\u00fane os dois mecanismos e se expressa principalmente nos est\u00e1gios reprodutivos.\n<\/p>\n<div id=\"agk_14000_pos_4_conteudo_mobile\" style=\"text-align: center;\" class=\"mb-4\">\n<\/div>\n<div id=\"agk_14000_pos_5_conteudo_desktop\" style=\"text-align: center;\" class=\"d-none d-lg-block mb-md-4\">\n<\/div>\n<p style=\"text-align:justify\">Ensaios conduzidos pelo CREA Sur de Santa Fe, em Teodelina, Benjam\u00edn Gould e Las Rosas, mostraram forte variabilidade entre os h\u00edbridos avaliados.<\/p>\n<p style=\"text-align:justify\">Cerca de metade dos materiais apresentou resist\u00eancia gen\u00e9tica considerada aceit\u00e1vel. Os demais demonstraram maior suscetibilidade, embora os n\u00edveis de infec\u00e7\u00e3o tenham permanecido baixos.<\/p>\n<p style=\"text-align:justify\">O controle qu\u00edmico tamb\u00e9m reduziu a severidade m\u00e9dia. &#8220;Comparando os tratamentos de controle com o controle qu\u00edmico, em Teodelina a severidade variou de 1,7% a 0,7%, em Benjam\u00edn Gould de 0,7% a 0,1% e em Las Rosas de 1,7% a 0,6%. Isso confirma a import\u00e2ncia de complementar a resist\u00eancia gen\u00e9tica com fungicidas para mitigar os riscos \u00e0 sa\u00fade&#8221;, explicou Alberione.<\/p>\n<p style=\"text-align:justify\">A mancha branca tamb\u00e9m exige aten\u00e7\u00e3o. Considerada uma doen\u00e7a emergente na Argentina, ela foi relatada pela primeira vez na safra 2010\/11, na regi\u00e3o de Rafaela, em Santa F\u00e9.<\/p>\n<p style=\"text-align:justify\">A import\u00e2ncia da doen\u00e7a j\u00e1 foi registrada em outros pa\u00edses. Na China, as perdas de produtividade variam de 10% a 50%, enquanto no Brasil podem chegar a 80% em surtos severos.<\/p>\n<p style=\"text-align:justify\">Al\u00e9m disso, estudos indicam que, para cada aumento de 1% na severidade, a produtividade diminui 0,23% e o peso dos gr\u00e3os cai 0,16%. Segundo Alberione, a mancha branca \u00e9 causada por um complexo formado pela bact\u00e9ria Pantoea ananatis e pelos fungos Phaeosphaeria maydis e Phyllosticta spp. A bact\u00e9ria inicia a infec\u00e7\u00e3o e, posteriormente, os fungos podem se desenvolver nas les\u00f5es.<\/p>\n<p style=\"text-align:justify\">O pat\u00f3geno pode sobreviver em restos de cultura, sementes e plantas daninhas hospedeiras, como Digitaria horizontalis, o que favorece sua perman\u00eancia entre as safras. Temperaturas entre 20 \u00b0C e 23 \u00b0C, per\u00edodos prolongados de umidade foliar e danos mec\u00e2nicos provocados por granizo, vento ou chuva est\u00e3o entre as condi\u00e7\u00f5es que favorecem a doen\u00e7a.<\/p>\n<p style=\"text-align:justify\">O poss\u00edvel avan\u00e7o de um cen\u00e1rio de El Ni\u00f1o tamb\u00e9m preocupa. &#8220;At\u00e9 agora, estamos observando principalmente em milho plantado tardiamente, mas se as condi\u00e7\u00f5es de umidade e temperaturas mais baixas se estenderem aos plantios precoces, a doen\u00e7a poder\u00e1 come\u00e7ar muito mais cedo. Devemos ficar vigilantes&#8221;, alertou o fitopatologista.<\/p>\n<p style=\"text-align:justify\">Ensaios conduzidos pelo CREA Sur em Santa F\u00e9 identificaram preval\u00eancia de 100% da doen\u00e7a nos 11 h\u00edbridos avaliados em Teodelina e Las Rosas. A intensidade, por\u00e9m, foi diferente entre os ambientes.<\/p>\n<p style=\"text-align:justify\">Em Las Rosas, a incid\u00eancia m\u00e9dia chegou a 98% e a severidade a 30%. Em Teodelina, a incid\u00eancia ficou pr\u00f3xima de 24% e a severidade em apenas 0,7%.<\/p>\n<p style=\"text-align:justify\">Na rede de ensaios do INTA Marcos Ju\u00e1rez, a doen\u00e7a esteve presente em 63% dos ambientes avaliados. A preval\u00eancia em n\u00edvel de h\u00edbrido chegou a 100% em Sol de Mayo e Morrison, 70% em La Norte, 20% em Coronel Moldes e 5% em Adelia Mar\u00eda.<\/p>\n<p style=\"text-align:justify\">Um ensaio da AAPRESID em uma \u00e1rea de plantio precoce pr\u00f3xima a Marcos Ju\u00e1rez tamb\u00e9m detectou a mancha branca, embora somente em um h\u00edbrido. O resultado sugere que a doen\u00e7a pode come\u00e7ar a avan\u00e7ar para datas de plantio mais precoces.<\/p>\n<p style=\"text-align:justify\">Para o manejo, Alberione destacou a combina\u00e7\u00e3o entre \u00e9poca de plantio, rota\u00e7\u00e3o de culturas, ajuste da densidade e caracteriza\u00e7\u00e3o sanit\u00e1ria dos h\u00edbridos.<\/p>\n<p style=\"text-align:justify\">O fitopatologista tamb\u00e9m alertou que doses elevadas de nitrog\u00eanio podem favorecer o desenvolvimento de doen\u00e7as. O controle qu\u00edmico, por sua vez, apresenta limita\u00e7\u00f5es porque os fungicidas atuam sobre os fungos, mas n\u00e3o sobre as bact\u00e9rias que iniciam a infec\u00e7\u00e3o.<\/p>\n<p style=\"text-align:justify\">Entre as alternativas avaliadas na literatura est\u00e3o tratamentos com mancozeb, fungicida multiss\u00edtio, al\u00e9m de azoxistrobina e difenoconazol. A efic\u00e1cia, por\u00e9m, depende do momento da aplica\u00e7\u00e3o e do agente causal predominante.<\/p>\n<p style=\"text-align:justify\">Os carv\u00f5es do milho tamb\u00e9m entram no radar sanit\u00e1rio. Alberione diferenciou o comportamento epidemiol\u00f3gico do carv\u00e3o comum, causado por Ustilago maydis, e do carv\u00e3o da espiga, causado por Sporisorium reilianum. As duas doen\u00e7as se originam de teliosporos, mas apresentam diferen\u00e7as na forma de infec\u00e7\u00e3o e nos danos provocados \u00e0s plantas.\n<\/p>\n<div id=\"agk_14000_pos_5_conteudo_mobile\" style=\"text-align: center;\" class=\"mb-4\">\n<\/div>\n<p style=\"text-align:justify\">O carv\u00e3o comum provoca infec\u00e7\u00f5es localizadas em tecidos jovens e \u00e9 favorecido por ferimentos causados por granizo, vento ou insetos. J\u00e1 o carv\u00e3o da espiga inicia a infec\u00e7\u00e3o durante a emerg\u00eancia, quando o fungo penetra pelas ra\u00edzes ou pelo cole\u00f3ptilo e coloniza toda a planta.<\/p>\n<p style=\"text-align:justify\">Com isso, o carv\u00e3o da espiga apresenta comportamento sist\u00eamico. As plantas podem ficar atrofiadas, apresentar entren\u00f3s curtos, m\u00faltiplas espigas e pan\u00edculas deformadas, que acabam substitu\u00eddas por massas semelhantes a carv\u00e3o.<\/p>\n<p style=\"text-align:justify\">As condi\u00e7\u00f5es ambientais tamb\u00e9m diferem. O carv\u00e3o comum \u00e9 favorecido por temperaturas entre 26 \u00b0C e 34 \u00b0C, estresse h\u00eddrico, altos n\u00edveis de nitrog\u00eanio e presen\u00e7a de ferimentos.<\/p>\n<p style=\"text-align:justify\">O carv\u00e3o da espiga, por sua vez, \u00e9 favorecido por temperaturas do solo entre 21 \u00b0C e 28 \u00b0C durante o plantio e n\u00e3o depende da ocorr\u00eancia de les\u00f5es para infectar a planta.<\/p>\n<p style=\"text-align:justify\">Enquanto o carv\u00e3o comum normalmente provoca perdas de rendimento de 5% a 30%, o carv\u00e3o da espiga pode impedir a forma\u00e7\u00e3o dos gr\u00e3os e levar a perdas de at\u00e9 80%.<\/p>\n<p style=\"text-align:justify\">Levantamentos realizados pelo INTA em oito \u00e1reas de plantio tardio detectaram carv\u00e3o comum com taxas de preval\u00eancia de at\u00e9 40%. Os resultados apresentaram diferen\u00e7as expressivas entre locais e h\u00edbridos.<\/p>\n<p style=\"text-align:justify\">Algumas variedades registraram incid\u00eancia pr\u00f3xima de 5%, enquanto outras n\u00e3o apresentaram plantas afetadas, demonstrando diferentes n\u00edveis de resist\u00eancia gen\u00e9tica. &#8220;\u00c9 importante caracterizar as variedades quanto \u00e0 resist\u00eancia a todas as doen\u00e7as, e esta em particular n\u00e3o \u00e9 exce\u00e7\u00e3o&#8221;, observou Alberione.<\/p>\n<p style=\"text-align:justify\">O carv\u00e3o da espiga \u00e9 considerado uma doen\u00e7a reemergente. Segundo dados divulgados pelo INTA, levantamentos realizados em 2023\/24 identificaram sua distribui\u00e7\u00e3o em C\u00f3rdoba, no sudeste de Santa F\u00e9, em San Luis e em Buenos Aires.<\/p>\n<p style=\"text-align:justify\">Em parcelas pr\u00f3ximas a Cha\u00f1ar Ladeado e Corral de Bustos, foram estimadas perdas de produtividade pr\u00f3ximas de 50% em diferentes anos.<\/p>\n<p style=\"text-align:justify\">Na safra atual, um ensaio realizado pr\u00f3ximo a Corral de Bustos avaliou o desempenho de h\u00edbridos comerciais diante do carv\u00e3o da espiga. Os resultados foram mais positivos.<\/p>\n<p style=\"text-align:justify\">Dos 25 h\u00edbridos avaliados, 72% apresentaram taxas de incid\u00eancia entre 0% e 1,3%, confirmando a exist\u00eancia de materiais com bom n\u00edvel de resist\u00eancia gen\u00e9tica.<\/p>\n<p style=\"text-align:justify\">Resultados obtidos por equipes da Universidade Cat\u00f3lica de C\u00f3rdoba, do INTA e de empresas privadas, nos ambientes de Corral de Bustos e Camilo Aldao durante a campanha 2023\/24, tamb\u00e9m mostraram variabilidade no comportamento gen\u00e9tico dos materiais.<\/p>\n<p style=\"text-align:justify\">No primeiro ambiente, os registros da doen\u00e7a variaram de moderados a graves, enquanto no segundo foram considerados leves. Ainda assim, grande parte dos materiais apresentou presen\u00e7a m\u00ednima da doen\u00e7a.<\/p>\n<p style=\"text-align:justify\">Nesse cen\u00e1rio, Alberione destacou a import\u00e2ncia da caracteriza\u00e7\u00e3o sanit\u00e1ria dos h\u00edbridos para identificar materiais com maior resist\u00eancia gen\u00e9tica. Nos ensaios avaliados, a maioria apresentou incid\u00eancia inferior a 2%, refor\u00e7ando o potencial da ferramenta para o manejo das doen\u00e7as do milho.<\/p>\n<\/p><\/div>\n<h6><em>THE <strong>Bela Cereais<\/strong> works with the best grains on the market and also keeps you up to date with the latest news and analyses on agribusiness.<br \/>\nDon&#039;t forget to follow our social networks.<\/em><\/h6>\n<p><a href=\"https:\/\/www.agrolink.com.br\/noticias\/milho--veja-as-estrategias-para-reduzir-perdas-por-doencas_518471.html\" target=\"_blank\" rel=\"noopener\">Access News Source <\/a><\/p>","protected":false},"excerpt":{"rendered":"<p>Segundo o Governo da Argentina, as doen\u00e7as do milho est\u00e3o passando por mudan\u00e7as no comportamento&hellip;<\/p>","protected":false},"author":1,"featured_media":27815,"comment_status":"","ping_status":"","sticky":false,"template":"","format":"standard","meta":{"footnotes":""},"categories":[223],"tags":[244,248,255,249,254,250,246,247,256,245,253,252,251],"class_list":["post-27989","post","type-post","status-publish","format-standard","has-post-thumbnail","hentry","category-milho","tag-agrolink","tag-agrotoxicos","tag-artigos-tecnicos","tag-classificados","tag-colunistas","tag-compra","tag-cotacoes","tag-defensivos","tag-eventos","tag-noticias","tag-precos-agricolas","tag-previsao-do-tempo","tag-venda"],"_links":{"self":[{"href":"https:\/\/belacereais.com.br\/en\/wp-json\/wp\/v2\/posts\/27989","targetHints":{"allow":["GET"]}}],"collection":[{"href":"https:\/\/belacereais.com.br\/en\/wp-json\/wp\/v2\/posts"}],"about":[{"href":"https:\/\/belacereais.com.br\/en\/wp-json\/wp\/v2\/types\/post"}],"author":[{"embeddable":true,"href":"https:\/\/belacereais.com.br\/en\/wp-json\/wp\/v2\/users\/1"}],"replies":[{"embeddable":true,"href":"https:\/\/belacereais.com.br\/en\/wp-json\/wp\/v2\/comments?post=27989"}],"version-history":[{"count":0,"href":"https:\/\/belacereais.com.br\/en\/wp-json\/wp\/v2\/posts\/27989\/revisions"}],"wp:featuredmedia":[{"embeddable":true,"href":"https:\/\/belacereais.com.br\/en\/wp-json\/wp\/v2\/media\/27815"}],"wp:attachment":[{"href":"https:\/\/belacereais.com.br\/en\/wp-json\/wp\/v2\/media?parent=27989"}],"wp:term":[{"taxonomy":"category","embeddable":true,"href":"https:\/\/belacereais.com.br\/en\/wp-json\/wp\/v2\/categories?post=27989"},{"taxonomy":"post_tag","embeddable":true,"href":"https:\/\/belacereais.com.br\/en\/wp-json\/wp\/v2\/tags?post=27989"}],"curies":[{"name":"wp","href":"https:\/\/api.w.org\/{rel}","templated":true}]}}