{"id":27993,"date":"2026-09-02T19:49:21","date_gmt":"2026-09-02T23:49:21","guid":{"rendered":"https:\/\/belacereais.com.br\/2026\/safra\/frente-fria-traz-chuva-e-geada-veja-a-previsao\/"},"modified":"2026-09-02T19:49:21","modified_gmt":"2026-09-02T23:49:21","slug":"frente-fria-traz-chuva-e-geada-veja-a-previsao","status":"publish","type":"post","link":"https:\/\/belacereais.com.br\/en\/2026\/safra\/frente-fria-traz-chuva-e-geada-veja-a-previsao\/","title":{"rendered":"Cold front brings rain and frost; see the forecast."},"content":{"rendered":"<p><img decoding=\"async\" src=\"http:\/\/www.agrolink.com.br\/upload\/imagens-resizes\/0e7d2b1d9873484f99969745380e2d80_858x483.jpg\" \/><\/p>\n<div class=\"section-description section-description-noticias mt-3\">\n<p style=\"text-align:justify\">Uma frente fria avan\u00e7a pelo Sudeste nesta quinta-feira (3) e organiza \u00e1reas de instabilidade sobre partes do Centro-Oeste, Sudeste e Nordeste, com chuvas mais intensas entre o norte de Minas Gerais, Esp\u00edrito Santo e sul da Bahia. A massa de ar frio tamb\u00e9m reduz as temperaturas e pode provocar geada na Serra da Mantiqueira e no Paran\u00e1, enquanto outro sistema aumenta o risco de granizo no Rio Grande do Sul.\n<\/p>\n<div id=\"agk_14000_pos_3_sidebar_mobile\" style=\"text-align: center;\" class=\"mb-4\">\n<\/div>\n<div id=\"agk_14000_pos_4_conteudo_desktop\" style=\"text-align: center;\" class=\"d-none d-lg-block mb-md-4\">\n<\/div>\n<p style=\"text-align:justify\">A passagem da frente fria estabelece um canal de umidade sobre essas regi\u00f5es e favorece pancadas de chuva isoladas. No Sul, um sistema de baixa press\u00e3o que passa ao sul do Rio Grande do Sul contribui para a ocorr\u00eancia de chuva e aumenta a possibilidade de granizo no sudeste ga\u00facho.<\/p>\n<p style=\"text-align:justify\">No Nordeste, por\u00e9m, o calor permanece intenso no interior, com temperaturas que podem superar os 40 \u00b0C.<\/p>\n<p style=\"text-align:justify\">No Norte, a quinta-feira ser\u00e1 marcada por muitas nuvens em toda a regi\u00e3o. Pancadas de chuva ocorrem no centro-oeste e no norte do Amazonas durante todo o dia e, de forma isolada, no sul do Tocantins e do Par\u00e1.<\/p>\n<p style=\"text-align:justify\">Nas demais \u00e1reas, tamb\u00e9m h\u00e1 possibilidade de chuva isolada. Entre as capitais, a menor temperatura m\u00ednima ser\u00e1 de 23 \u00b0C em Rio Branco (AC). As m\u00e1ximas chegam a 37 \u00b0C em Manaus (AM) e Rio Branco e a 38 \u00b0C em Porto Velho (RO) e Palmas (TO).<\/p>\n<p style=\"text-align:justify\">H\u00e1 aviso amarelo de perigo potencial para baixa umidade do ar no sul do Tocantins.<\/p>\n<p style=\"text-align:justify\">Na sexta-feira (4), pancadas de chuva com trovoadas isoladas devem ocorrer no centro-oeste e noroeste do Amazonas. No centro-sul do estado, sul do Par\u00e1 e Tocantins, o c\u00e9u permanece com muitas nuvens e h\u00e1 possibilidade de chuva isolada.<\/p>\n<p style=\"text-align:justify\">Nas demais \u00e1reas, haver\u00e1 muitas nuvens, mas sem previs\u00e3o de chuva. Entre as capitais, a m\u00ednima ser\u00e1 de 23 \u00b0C em Rio Branco, enquanto a m\u00e1xima chega a 38 \u00b0C na capital acreana e em Porto Velho. Manaus e Palmas registram m\u00e1ximas de 37 \u00b0C.<\/p>\n<p style=\"text-align:justify\">No Nordeste, a frente fria chega ao sul da Bahia nesta quinta-feira e cria condi\u00e7\u00f5es para chuvas isoladas no centro-sul do estado e em outras \u00e1reas, com exce\u00e7\u00e3o do norte baiano, onde o tempo permanece est\u00e1vel, embora com muitas nuvens.<\/p>\n<p style=\"text-align:justify\">As chuvas isoladas tamb\u00e9m podem atingir o sul do Maranh\u00e3o e do Piau\u00ed. Durante a noite, a instabilidade avan\u00e7a para o litoral leste da regi\u00e3o, entre Sergipe, Alagoas, Pernambuco, Para\u00edba e Rio Grande do Norte.<\/p>\n<p style=\"text-align:justify\">Nas demais \u00e1reas nordestinas, n\u00e3o h\u00e1 previs\u00e3o de chuva, mas a nebulosidade aumenta. A menor temperatura entre as capitais ser\u00e1 de 21 \u00b0C em Macei\u00f3 (AL), enquanto Teresina (PI) pode chegar a 41 \u00b0C.<\/p>\n<p style=\"text-align:justify\">H\u00e1 aviso amarelo de perigo potencial para baixa umidade durante a tarde no Piau\u00ed, centro-sul do Cear\u00e1, sudoeste do Rio Grande do Norte e oeste da Para\u00edba, Pernambuco e Bahia.<\/p>\n<p style=\"text-align:justify\">Para o sul da Bahia, tamb\u00e9m h\u00e1 aviso amarelo de perigo potencial para chuvas intensas na regi\u00e3o de Porto Seguro (BA).<\/p>\n<p style=\"text-align:justify\">Na sexta-feira, a frente fria perde for\u00e7a, se afasta em dire\u00e7\u00e3o ao oceano e a nebulosidade diminui sobre o Nordeste. Ainda assim, h\u00e1 possibilidade de chuvas isoladas no leste e no oeste da Bahia, incluindo Salvador, Barreiras e Lu\u00eds Eduardo Magalh\u00e3es.\n<\/p>\n<div id=\"agk_14000_pos_4_conteudo_mobile\" style=\"text-align: center;\" class=\"mb-4\">\n<\/div>\n<div id=\"agk_14000_pos_5_conteudo_desktop\" style=\"text-align: center;\" class=\"d-none d-lg-block mb-md-4\">\n<\/div>\n<p style=\"text-align:justify\">Tamb\u00e9m h\u00e1 previs\u00e3o de chuva isolada no sul do Maranh\u00e3o, em munic\u00edpios como Balsas e Alto Parna\u00edba, al\u00e9m da faixa litor\u00e2nea de Alagoas, Pernambuco, Para\u00edba e Rio Grande do Norte.<\/p>\n<p style=\"text-align:justify\">No centro-sul do Cear\u00e1, oeste da Para\u00edba e de Pernambuco e na regi\u00e3o central da Bahia, poucas nuvens e calor predominam. A m\u00e1xima chega a 38 \u00b0C em Teresina, enquanto Salvador e Aracaju (SE) n\u00e3o passam de 29 \u00b0C. As m\u00ednimas ser\u00e3o de 22 \u00b0C em Teresina e Macei\u00f3.<\/p>\n<p style=\"text-align:justify\">No Centro-Oeste, a quinta-feira ter\u00e1 muitas nuvens e pancadas de chuva isoladas no centro-norte e leste de Mato Grosso e no norte de Goi\u00e1s. Tamb\u00e9m h\u00e1 possibilidade de chuva isolada na regi\u00e3o central de Goi\u00e1s e no Distrito Federal.<\/p>\n<p style=\"text-align:justify\">Em Mato Grosso do Sul, o tempo fica mais aberto, com poucas nuvens e temperaturas amenas. Campo Grande (MS) ter\u00e1 a menor m\u00ednima entre as capitais da regi\u00e3o, com 16 \u00b0C. Cuiab\u00e1 (MT) chega a 37 \u00b0C.<\/p>\n<p style=\"text-align:justify\">H\u00e1 aviso amarelo de perigo potencial para baixa umidade do ar em Mato Grosso do Sul, Goi\u00e1s, Distrito Federal e sudeste de Mato Grosso.<\/p>\n<p style=\"text-align:justify\">Na sexta-feira, as nuvens permanecem sobre o Centro-Oeste. H\u00e1 possibilidade de chuva isolada no centro-norte de Mato Grosso e Goi\u00e1s, no Distrito Federal e no sul de Mato Grosso do Sul.<\/p>\n<p style=\"text-align:justify\">A m\u00ednima ser\u00e1 de 20 \u00b0C em Bras\u00edlia (DF), enquanto Cuiab\u00e1 ter\u00e1 m\u00e1xima de 38 \u00b0C.<\/p>\n<p style=\"text-align:justify\">No Sudeste, a frente fria posicionada entre o Esp\u00edrito Santo e o sul da Bahia forma \u00e1reas de instabilidade e provoca pancadas de chuva isoladas no Esp\u00edrito Santo e no norte e nordeste de Minas Gerais.<\/p>\n<p style=\"text-align:justify\">Tamb\u00e9m h\u00e1 possibilidade de chuva isolada no centro-norte mineiro. Em Belo Horizonte (MG), n\u00e3o h\u00e1 previs\u00e3o de chuva, mas o c\u00e9u permanece com muitas nuvens.<\/p>\n<p style=\"text-align:justify\">O dia come\u00e7a com nevoeiro no leste de S\u00e3o Paulo e no litoral sul e nas regi\u00f5es serranas do Rio de Janeiro. A massa de ar frio avan\u00e7a pela regi\u00e3o e reduz a nebulosidade no interior paulista e no sul de Minas Gerais.<\/p>\n<p style=\"text-align:justify\">Na Serra da Mantiqueira, h\u00e1 possibilidade de forma\u00e7\u00e3o de geada durante a madrugada e ao amanhecer. Entre as capitais, S\u00e3o Paulo registra m\u00ednima de 10 \u00b0C, seguida por Belo Horizonte, com 12 \u00b0C.<\/p>\n<p style=\"text-align:justify\">O frio ser\u00e1 passageiro, j\u00e1 que as temperaturas sobem rapidamente durante a tarde. As m\u00e1ximas chegam a 27 \u00b0C em S\u00e3o Paulo e Belo Horizonte e a 28 \u00b0C no Rio de Janeiro e em Vit\u00f3ria (ES).<\/p>\n<p style=\"text-align:justify\">H\u00e1 aviso amarelo de perigo potencial para chuvas intensas no centro-sul do Esp\u00edrito Santo, incluindo Vit\u00f3ria. Tamb\u00e9m h\u00e1 aviso amarelo para baixa umidade do ar durante a tarde no extremo oeste de S\u00e3o Paulo e de Minas Gerais.<\/p>\n<p style=\"text-align:justify\">Na sexta-feira, o tempo fica firme em grande parte do Sudeste. A manh\u00e3 ser\u00e1 fria, com m\u00ednima de 12 \u00b0C em Belo Horizonte, mas a temperatura sobe durante a tarde e chega a 31 \u00b0C em Vit\u00f3ria.<\/p>\n<p style=\"text-align:justify\">H\u00e1 possibilidade de chuva isolada no sul de S\u00e3o Paulo e no extremo noroeste de Minas Gerais, onde o c\u00e9u permanece com muitas nuvens.<\/p>\n<p style=\"text-align:justify\">No Sul, o tempo fica firme em grande parte da regi\u00e3o nesta quinta-feira. O dia come\u00e7a com nevoeiro no leste de Santa Catarina e do Paran\u00e1.<\/p>\n<p style=\"text-align:justify\">H\u00e1 possibilidade de forma\u00e7\u00e3o de geada em alguns pontos do centro-sul e dos Campos Gerais do Paran\u00e1. Ainda pela manh\u00e3, tamb\u00e9m pode ocorrer chuva isolada no extremo sul do Rio Grande do Sul.<\/p>\n<p style=\"text-align:justify\">Durante a tarde e a noite, a instabilidade aumenta e provoca pancadas de chuva isoladas no centro-sul ga\u00facho, incluindo Porto Alegre (RS).<\/p>\n<p style=\"text-align:justify\">O risco de granizo merece aten\u00e7\u00e3o no sudeste do Rio Grande do Sul, com possibilidade de ocorr\u00eancia em munic\u00edpios como Ca\u00e7apava do Sul, Cangu\u00e7u, Pelotas e Mostardas.<\/p>\n<p style=\"text-align:justify\">Em Santa Catarina, a nebulosidade aumenta, mas n\u00e3o h\u00e1 previs\u00e3o de chuva. No Paran\u00e1, o dia ser\u00e1 de sol e poucas nuvens.<\/p>\n<p style=\"text-align:justify\">Entre as capitais, Curitiba (PR) ter\u00e1 a menor temperatura m\u00ednima da regi\u00e3o, com 7 \u00b0C, al\u00e9m de amanhecer com nevoeiro. A m\u00e1xima chega a 25 \u00b0C em Porto Alegre.<\/p>\n<p style=\"text-align:justify\">H\u00e1 aviso amarelo de perigo potencial para tempestades no centro-sul do Rio Grande do Sul, incluindo Porto Alegre.<\/p>\n<p style=\"text-align:justify\">Na sexta-feira, \u00e1reas de instabilidade formadas no interior do continente trazem possibilidade de chuvas isoladas para o Paran\u00e1 e Santa Catarina. Tamb\u00e9m h\u00e1 possibilidade de chuva isolada na regi\u00e3o de Porto Alegre.<\/p>\n<p style=\"text-align:justify\">No leste ga\u00facho, o c\u00e9u fica com muitas nuvens, enquanto o centro-oeste do estado ter\u00e1 sol e poucas nuvens.<\/p>\n<p style=\"text-align:justify\">Entre as capitais, a m\u00ednima ser\u00e1 de 9 \u00b0C em Porto Alegre. Curitiba chega a 23 \u00b0C, enquanto a m\u00e1xima n\u00e3o passa de 21 \u00b0C em Porto Alegre e de 19 \u00b0C em Florian\u00f3polis (SC).<\/p>\n<\/p><\/div>\n<h6><em>THE <strong>Bela Cereais<\/strong> works with the best grains on the market and also keeps you up to date with the latest news and analyses on agribusiness.<br \/>\nDon&#039;t forget to follow our social networks.<\/em><\/h6>\n<p><a href=\"https:\/\/www.agrolink.com.br\/noticias\/previsao-para-quinta-feira--03--e-sexta-feira--04--_518477.html\" target=\"_blank\" rel=\"noopener\">Access News Source <\/a><\/p>","protected":false},"excerpt":{"rendered":"<p>Uma frente fria avan\u00e7a pelo Sudeste nesta quinta-feira (3) e organiza \u00e1reas de instabilidade sobre&hellip;<\/p>","protected":false},"author":1,"featured_media":27994,"comment_status":"","ping_status":"","sticky":false,"template":"","format":"standard","meta":{"footnotes":""},"categories":[258],"tags":[244,248,255,249,254,250,246,247,256,245,253,252,251],"class_list":["post-27993","post","type-post","status-publish","format-standard","has-post-thumbnail","hentry","category-safra","tag-agrolink","tag-agrotoxicos","tag-artigos-tecnicos","tag-classificados","tag-colunistas","tag-compra","tag-cotacoes","tag-defensivos","tag-eventos","tag-noticias","tag-precos-agricolas","tag-previsao-do-tempo","tag-venda"],"_links":{"self":[{"href":"https:\/\/belacereais.com.br\/en\/wp-json\/wp\/v2\/posts\/27993","targetHints":{"allow":["GET"]}}],"collection":[{"href":"https:\/\/belacereais.com.br\/en\/wp-json\/wp\/v2\/posts"}],"about":[{"href":"https:\/\/belacereais.com.br\/en\/wp-json\/wp\/v2\/types\/post"}],"author":[{"embeddable":true,"href":"https:\/\/belacereais.com.br\/en\/wp-json\/wp\/v2\/users\/1"}],"replies":[{"embeddable":true,"href":"https:\/\/belacereais.com.br\/en\/wp-json\/wp\/v2\/comments?post=27993"}],"version-history":[{"count":0,"href":"https:\/\/belacereais.com.br\/en\/wp-json\/wp\/v2\/posts\/27993\/revisions"}],"wp:featuredmedia":[{"embeddable":true,"href":"https:\/\/belacereais.com.br\/en\/wp-json\/wp\/v2\/media\/27994"}],"wp:attachment":[{"href":"https:\/\/belacereais.com.br\/en\/wp-json\/wp\/v2\/media?parent=27993"}],"wp:term":[{"taxonomy":"category","embeddable":true,"href":"https:\/\/belacereais.com.br\/en\/wp-json\/wp\/v2\/categories?post=27993"},{"taxonomy":"post_tag","embeddable":true,"href":"https:\/\/belacereais.com.br\/en\/wp-json\/wp\/v2\/tags?post=27993"}],"curies":[{"name":"wp","href":"https:\/\/api.w.org\/{rel}","templated":true}]}}