{"id":28001,"date":"2026-09-03T07:29:32","date_gmt":"2026-09-03T11:29:32","guid":{"rendered":"https:\/\/belacereais.com.br\/2026\/arroz\/analista-alerta-para-riscos-do-el-nino-ao-arroz-em-2027\/"},"modified":"2026-09-03T07:29:32","modified_gmt":"2026-09-03T11:29:32","slug":"analista-alerta-para-riscos-do-el-nino-ao-arroz-em-2027","status":"publish","type":"post","link":"https:\/\/belacereais.com.br\/en\/2026\/arroz\/analista-alerta-para-riscos-do-el-nino-ao-arroz-em-2027\/","title":{"rendered":"Analyst warns of El Ni\u00f1o risks to rice in 2027."},"content":{"rendered":"<p><img decoding=\"async\" src=\"http:\/\/www.agrolink.com.br\/upload\/imagens-resizes\/f1ff2391f94c4b448f943cb374200e8b_858x483.jpg\" \/><\/p>\n<div class=\"section-description section-description-noticias mt-3\">\n<p>The possibility of a more intense El Ni\u00f1o in 2027 increases attention on the global food supply, especially in markets dependent on the balance between production, stocks, and international trade. According to Sergio Cardoso, an analyst of the food chain... <a href=\"https:\/\/www.agrolink.com.br\/culturas\/arroz\/?utm_source=agrolink-detalhe-noticia&amp;utm_medium=detalhe-noticia&amp;utm_campaign=links-internos\" target=\"_blank\" rel=\"noopener\">rice<\/a>The main risk is not necessarily a widespread shortage of the grain, but a reduction in the volume available for export and pressure on prices if different producing regions are affected at the same time.\n<\/p>\n<div id=\"agk_14000_pos_3_sidebar_mobile\" style=\"text-align: center;\" class=\"mb-4\">\n<\/div>\n<div id=\"agk_14000_pos_4_conteudo_desktop\" style=\"text-align: center;\" class=\"d-none d-lg-block mb-md-4\">\n<\/div>\n<p>In Mercosur, the concern coincides with the start of the 2026\/27 crop season. Rio Grande do Sul, Uruguay, Argentina, and Paraguay are already facing a combination of climate, water availability, high costs, and difficulty obtaining credit, factors that make the beginning of the cycle more sensitive.<\/p>\n<p>The United States is also on the radar due to the availability of rice, while Central America, a relevant market for both the US and Mercosur, is identified as a region particularly vulnerable to the effects of El Ni\u00f1o. In Panama, signs of water shortages could increase concerns by also impacting the operation of the Panama Canal, bringing together climatic, agricultural, and logistical risks.\n<\/p>\n<div id=\"agk_14000_pos_4_conteudo_mobile\" style=\"text-align: center;\" class=\"mb-4\">\n<\/div>\n<div id=\"agk_14000_pos_5_conteudo_desktop\" style=\"text-align: center;\" class=\"d-none d-lg-block mb-md-4\">\n<\/div>\n<p>In Asia, the behavior of India, China, Thailand, and Vietnam could also be decisive. These countries have significant weight in the global rice balance, and any production problems or export restrictions could rapidly alter the international market.<\/p>\n<p>In this scenario, the central question becomes who will have a surplus to supply importing countries and at what price, should El Ni\u00f1o simultaneously reduce production in different regions. For the rice market, the assessment indicates that this risk already warrants monitoring.\n<\/p>\n<div id=\"agk_14000_pos_5_conteudo_mobile\" style=\"text-align: center;\" class=\"mb-4\">\n<\/div>\n<p>\n\u00a0<\/p>\n<\/p><\/div>\n<h6><em>THE <strong>Bela Cereais<\/strong> It works with the best rice grains on the market and also keeps you up-to-date on the latest news and analysis about agribusiness.<br \/>\nDon&#039;t forget to follow our social networks.<\/em><\/h6>\n<p><a href=\"https:\/\/www.agrolink.com.br\/noticias\/analista-alerta-para-riscos-do-el-nino-ao-arroz-em-2027_518481.html\" target=\"_blank\" rel=\"noopener\">Access News Source <\/a><\/p>","protected":false},"excerpt":{"rendered":"<p>A possibilidade de um El Ni\u00f1o mais intenso em 2027 aumenta a aten\u00e7\u00e3o sobre a&hellip;<\/p>","protected":false},"author":1,"featured_media":27847,"comment_status":"","ping_status":"","sticky":false,"template":"","format":"standard","meta":{"footnotes":""},"categories":[204],"tags":[244,248,255,249,254,250,246,247,256,245,253,252,251],"class_list":["post-28001","post","type-post","status-publish","format-standard","has-post-thumbnail","hentry","category-arroz","tag-agrolink","tag-agrotoxicos","tag-artigos-tecnicos","tag-classificados","tag-colunistas","tag-compra","tag-cotacoes","tag-defensivos","tag-eventos","tag-noticias","tag-precos-agricolas","tag-previsao-do-tempo","tag-venda"],"_links":{"self":[{"href":"https:\/\/belacereais.com.br\/en\/wp-json\/wp\/v2\/posts\/28001","targetHints":{"allow":["GET"]}}],"collection":[{"href":"https:\/\/belacereais.com.br\/en\/wp-json\/wp\/v2\/posts"}],"about":[{"href":"https:\/\/belacereais.com.br\/en\/wp-json\/wp\/v2\/types\/post"}],"author":[{"embeddable":true,"href":"https:\/\/belacereais.com.br\/en\/wp-json\/wp\/v2\/users\/1"}],"replies":[{"embeddable":true,"href":"https:\/\/belacereais.com.br\/en\/wp-json\/wp\/v2\/comments?post=28001"}],"version-history":[{"count":0,"href":"https:\/\/belacereais.com.br\/en\/wp-json\/wp\/v2\/posts\/28001\/revisions"}],"wp:featuredmedia":[{"embeddable":true,"href":"https:\/\/belacereais.com.br\/en\/wp-json\/wp\/v2\/media\/27847"}],"wp:attachment":[{"href":"https:\/\/belacereais.com.br\/en\/wp-json\/wp\/v2\/media?parent=28001"}],"wp:term":[{"taxonomy":"category","embeddable":true,"href":"https:\/\/belacereais.com.br\/en\/wp-json\/wp\/v2\/categories?post=28001"},{"taxonomy":"post_tag","embeddable":true,"href":"https:\/\/belacereais.com.br\/en\/wp-json\/wp\/v2\/tags?post=28001"}],"curies":[{"name":"wp","href":"https:\/\/api.w.org\/{rel}","templated":true}]}}