{"id":28004,"date":"2026-09-03T10:20:35","date_gmt":"2026-09-03T14:20:35","guid":{"rendered":"https:\/\/belacereais.com.br\/2026\/safra\/7-de-setembro-feriado-tera-onda-de-frio-em-16-estados-e-temperatura-de-ate-6c\/"},"modified":"2026-09-03T10:20:35","modified_gmt":"2026-09-03T14:20:35","slug":"7-de-setembro-feriado-tera-onda-de-frio-em-16-estados-e-temperatura-de-ate-6c","status":"publish","type":"post","link":"https:\/\/belacereais.com.br\/en\/2026\/safra\/7-de-setembro-feriado-tera-onda-de-frio-em-16-estados-e-temperatura-de-ate-6c\/","title":{"rendered":"September 7th: Holiday will bring a cold wave to 16 states with temperatures as low as -6\u00b0C."},"content":{"rendered":"<p><img decoding=\"async\" src=\"http:\/\/www.agrolink.com.br\/upload\/imagens-resizes\/c974d4bef5de4f418aa1f2260644dc8a_858x483.jpg\" \/><\/p>\n<div class=\"section-description section-description-noticias mt-3\">\n<p style=\"text-align:justify\">Uma forte massa de ar polar avan\u00e7a sobre o Brasil a partir de sexta-feira (4) e deve provocar uma intensa onda de frio durante o feriado de 7 de Setembro. O fen\u00f4meno atingir\u00e1 principalmente o Sul, Sudeste e Centro-Oeste, com possibilidade de geadas generalizadas e temperaturas de at\u00e9 -6\u00b0C.\n<\/p>\n<div id=\"agk_14000_pos_3_sidebar_mobile\" style=\"text-align: center;\" class=\"mb-4\">\n<\/div>\n<div id=\"agk_14000_pos_4_conteudo_desktop\" style=\"text-align: center;\" class=\"d-none d-lg-block mb-md-4\">\n<\/div>\n<p style=\"text-align:justify\">O ar frio chega inicialmente ao Rio Grande do Sul e, no s\u00e1bado (5), avan\u00e7a sobre Santa Catarina, Paran\u00e1 e Mato Grosso do Sul. No domingo (6), a massa de ar polar se espalha por grande parte do Centro-Oeste e do Sudeste.<\/p>\n<p style=\"text-align:justify\">O pr\u00f3ximo fim de semana, portanto, j\u00e1 ser\u00e1 marcado por uma queda acentuada das temperaturas em grande parte do pa\u00eds. A intensidade do epis\u00f3dio est\u00e1 relacionada \u00e0 Oscila\u00e7\u00e3o Ant\u00e1rtica, padr\u00e3o atmosf\u00e9rico que, em sua fase negativa atual, favorece o avan\u00e7o de massas de ar polar mais fortes em dire\u00e7\u00e3o \u00e0 Am\u00e9rica do Sul.<\/p>\n<p style=\"text-align:justify\">A previs\u00e3o indica que o frio ganhar\u00e1 for\u00e7a justamente antes do feriado da Independ\u00eancia do Brasil, em 7 de Setembro. Na segunda-feira (7), temperaturas mais amenas que o normal poder\u00e3o ser registradas em ao menos 16 estados.<\/p>\n<p style=\"text-align:justify\"><strong>Regi\u00e3o Sul:\u00a0<\/strong>Rio Grande do Sul, Santa Catarina e Paran\u00e1;<\/p>\n<p style=\"text-align:justify\"><strong>Regi\u00e3o Sudeste:\u00a0<\/strong>S\u00e3o Paulo, Rio de Janeiro, Minas Gerais e Esp\u00edrito Santo;<\/p>\n<p style=\"text-align:justify\"><strong>Regi\u00e3o Centro-Oeste:\u00a0<\/strong>Mato Grosso, Mato Grosso do Sul, Goi\u00e1s e DF;<\/p>\n<p style=\"text-align:justify\"><strong>Regi\u00e3o Norte:\u00a0<\/strong>Rond\u00f4nia, Acre, sul do Amazonas, sul do Par\u00e1 e Tocantins.<\/p>\n<p style=\"text-align:justify\">\u00a0<\/p>\n<p style=\"text-align:justify\">O efeito da massa de ar frio poder\u00e1 chegar ainda ao extremo sul do Maranh\u00e3o e ao extremo sul da Bahia, embora a probabilidade seja menor nessas \u00e1reas. Caso essas regi\u00f5es sejam consideradas, at\u00e9 18 estados brasileiros poder\u00e3o ser afetados pelo epis\u00f3dio de frio intenso.\n<\/p>\n<div id=\"agk_14000_pos_4_conteudo_mobile\" style=\"text-align: center;\" class=\"mb-4\">\n<\/div>\n<div id=\"agk_14000_pos_5_conteudo_desktop\" style=\"text-align: center;\" class=\"d-none d-lg-block mb-md-4\">\n<\/div>\n<p style=\"text-align:justify\">No Sul, o principal destaque ser\u00e1 a intensidade do frio. J\u00e1 na noite de s\u00e1bado (5), as temperaturas poder\u00e3o atingir valores negativos na Serra Catarinense, favorecendo a ocorr\u00eancia de geadas intensas.<\/p>\n<p style=\"text-align:justify\">O frio continuar\u00e1 avan\u00e7ando durante as horas seguintes. Na madrugada e no in\u00edcio da manh\u00e3 do feriado de 7 de Setembro, grande parte de Santa Catarina dever\u00e1 registrar temperaturas pr\u00f3ximas de 0\u00b0C, com possibilidade de geadas generalizadas. Modelos num\u00e9ricos indicam m\u00ednimas de at\u00e9 -3\u00b0C em algumas \u00e1reas. Com as devidas corre\u00e7\u00f5es, por\u00e9m, a previs\u00e3o aponta para valores que podem chegar a -6\u00b0C.<\/p>\n<p style=\"text-align:justify\">A massa de ar polar tamb\u00e9m provocar\u00e1 temperaturas abaixo dos 10\u00b0C no Sudeste. O frio dever\u00e1 atingir \u00e1reas de S\u00e3o Paulo, especialmente o Vale do Para\u00edba, al\u00e9m do sul de Minas Gerais, nas proximidades da Serra da Mantiqueira, e o sul e a regi\u00e3o serrana do Rio de Janeiro.\n<\/p>\n<div id=\"agk_14000_pos_5_conteudo_mobile\" style=\"text-align: center;\" class=\"mb-4\">\n<\/div>\n<p style=\"text-align:justify\">O sul de Mato Grosso do Sul tamb\u00e9m ser\u00e1 atingido por uma onda de frio intenso. Com o avan\u00e7o da massa polar, a pr\u00f3xima semana dever\u00e1 apresentar temperaturas abaixo do normal em grande parte do Brasil.<\/p>\n<p style=\"text-align:justify\">O epis\u00f3dio representa uma ruptura tempor\u00e1ria do padr\u00e3o de calor intenso associado ao El Ni\u00f1o. Apesar disso, as previs\u00f5es indicam que ondas de calor muito intensas devem voltar a ocorrer com frequ\u00eancia durante a primavera e, principalmente, no ver\u00e3o.<\/p>\n<p style=\"text-align:justify\">Para o feriado de 7 de Setembro, o cen\u00e1rio exige aten\u00e7\u00e3o principalmente nas \u00e1reas do Sul mais sujeitas a temperaturas negativas e geadas. A intensidade do frio e a possibilidade de m\u00ednimas pr\u00f3ximas ou abaixo de zero devem ser os principais pontos de aten\u00e7\u00e3o durante o avan\u00e7o da massa de ar polar.<\/p>\n<\/p><\/div>\n<h6><em>THE <strong>Bela Cereais<\/strong> works with the best grains on the market and also keeps you up to date with the latest news and analyses on agribusiness.<br \/>\nDon&#039;t forget to follow our social networks.<\/em><\/h6>\n<p><a href=\"https:\/\/www.agrolink.com.br\/noticias\/feriado-da-independencia-sera-com-frente-fria-e-frio-de-ate--6-c-em-16-estados_518496.html\" target=\"_blank\" rel=\"noopener\">Access News Source <\/a><\/p>","protected":false},"excerpt":{"rendered":"<p>Uma forte massa de ar polar avan\u00e7a sobre o Brasil a partir de sexta-feira (4)&hellip;<\/p>","protected":false},"author":1,"featured_media":28005,"comment_status":"","ping_status":"","sticky":false,"template":"","format":"standard","meta":{"footnotes":""},"categories":[258],"tags":[244,248,255,249,254,250,246,247,256,245,253,252,251],"class_list":["post-28004","post","type-post","status-publish","format-standard","has-post-thumbnail","hentry","category-safra","tag-agrolink","tag-agrotoxicos","tag-artigos-tecnicos","tag-classificados","tag-colunistas","tag-compra","tag-cotacoes","tag-defensivos","tag-eventos","tag-noticias","tag-precos-agricolas","tag-previsao-do-tempo","tag-venda"],"_links":{"self":[{"href":"https:\/\/belacereais.com.br\/en\/wp-json\/wp\/v2\/posts\/28004","targetHints":{"allow":["GET"]}}],"collection":[{"href":"https:\/\/belacereais.com.br\/en\/wp-json\/wp\/v2\/posts"}],"about":[{"href":"https:\/\/belacereais.com.br\/en\/wp-json\/wp\/v2\/types\/post"}],"author":[{"embeddable":true,"href":"https:\/\/belacereais.com.br\/en\/wp-json\/wp\/v2\/users\/1"}],"replies":[{"embeddable":true,"href":"https:\/\/belacereais.com.br\/en\/wp-json\/wp\/v2\/comments?post=28004"}],"version-history":[{"count":0,"href":"https:\/\/belacereais.com.br\/en\/wp-json\/wp\/v2\/posts\/28004\/revisions"}],"wp:featuredmedia":[{"embeddable":true,"href":"https:\/\/belacereais.com.br\/en\/wp-json\/wp\/v2\/media\/28005"}],"wp:attachment":[{"href":"https:\/\/belacereais.com.br\/en\/wp-json\/wp\/v2\/media?parent=28004"}],"wp:term":[{"taxonomy":"category","embeddable":true,"href":"https:\/\/belacereais.com.br\/en\/wp-json\/wp\/v2\/categories?post=28004"},{"taxonomy":"post_tag","embeddable":true,"href":"https:\/\/belacereais.com.br\/en\/wp-json\/wp\/v2\/tags?post=28004"}],"curies":[{"name":"wp","href":"https:\/\/api.w.org\/{rel}","templated":true}]}}