{"id":28008,"date":"2026-09-03T15:09:31","date_gmt":"2026-09-03T19:09:31","guid":{"rendered":"https:\/\/belacereais.com.br\/2026\/milho\/parana-acelera-plantio-da-primeira-safra-de-milho\/"},"modified":"2026-09-03T15:09:31","modified_gmt":"2026-09-03T19:09:31","slug":"parana-acelera-plantio-da-primeira-safra-de-milho","status":"publish","type":"post","link":"https:\/\/belacereais.com.br\/en\/2026\/milho\/parana-acelera-plantio-da-primeira-safra-de-milho\/","title":{"rendered":"Paran\u00e1 accelerates planting of the first corn crop."},"content":{"rendered":"<p><img decoding=\"async\" src=\"http:\/\/www.agrolink.com.br\/upload\/imagens-resizes\/7f207158e849442f84cbaccbdf47459b_858x483.jpg\" \/><\/p>\n<div class=\"section-description section-description-noticias mt-3\">\n<p style=\"text-align:justify\">O plantio da primeira safra de <a href=\"https:\/\/www.agrolink.com.br\/culturas\/milho?utm_source=agrolink-detalhe-noticia&amp;utm_medium=detalhe-noticia&amp;utm_campaign=links-internos%09\" target=\"_blank\" rel=\"noopener\">corn<\/a> 2026\/27 avan\u00e7ou nas duas \u00faltimas semanas no Paran\u00e1, favorecido pelas chuvas regulares e bem distribu\u00eddas. Segundo dados divulgados pelo Departamento de Economia Rural (Deral), da Secretaria da Agricultura e do Abastecimento (Seab), mais de 67 mil dos 373 mil hectares estimados para o ciclo j\u00e1 foram semeados. O levantamento faz parte do Boletim Conjuntural do Deral, divulgado na quinta-feira (3). A \u00e1rea plantada at\u00e9 esta semana corresponde a 18% do total previsto para o Estado.\n<\/p>\n<div id=\"agk_14000_pos_3_sidebar_mobile\" style=\"text-align: center;\" class=\"mb-4\">\n<\/div>\n<div id=\"agk_14000_pos_4_conteudo_desktop\" style=\"text-align: center;\" class=\"d-none d-lg-block mb-md-4\">\n<\/div>\n<p style=\"text-align:justify\">De acordo com o Deral, as condi\u00e7\u00f5es clim\u00e1ticas favoreceram o avan\u00e7o das opera\u00e7\u00f5es nas lavouras. O ritmo tamb\u00e9m est\u00e1 pr\u00f3ximo ao observado nas \u00faltimas safras e dentro do calend\u00e1rio considerado ideal pelo Zoneamento Agr\u00edcola de Risco Clim\u00e1tico (ZARC). \u201cO produtor paranaense de milho aproveitou as duas \u00faltimas semanas para realizar o plantio da primeira safra de milho 2026\/27\u201d, informa o boletim.\n<\/p>\n<div id=\"agk_14000_pos_4_conteudo_mobile\" style=\"text-align: center;\" class=\"mb-4\">\n<\/div>\n<div id=\"agk_14000_pos_5_conteudo_desktop\" style=\"text-align: center;\" class=\"d-none d-lg-block mb-md-4\">\n<\/div>\n<p style=\"text-align:justify\">A primeira safra de milho \u00e9 cultivada principalmente na regi\u00e3o mais ao sul do Paran\u00e1, que concentra mais de 57% da \u00e1rea prevista para o ciclo. O Sudoeste aparece na sequ\u00eancia, com pouco mais de 24% de participa\u00e7\u00e3o.<\/p>\n<p style=\"text-align:justify\">Entre as regi\u00f5es produtoras, Ponta Grossa lidera a \u00e1rea destinada ao cultivo. Segundo dados divulgados pelo Deral, o munic\u00edpio dever\u00e1 concentrar 72,8 mil hectares, quase 20% de toda a \u00e1rea estimada para a primeira safra no Estado.<\/p>\n<p style=\"text-align:justify\">Guarapuava ocupa a segunda posi\u00e7\u00e3o, com pouco mais de 59 mil hectares previstos. A \u00e1rea representa 16% do total estimado para o Paran\u00e1. Com o avan\u00e7o da semeadura e as condi\u00e7\u00f5es clim\u00e1ticas favor\u00e1veis registradas nas \u00faltimas semanas, o plantio segue dentro do calend\u00e1rio esperado para a primeira safra de milho no Estado.\n<\/p>\n<div id=\"agk_14000_pos_5_conteudo_mobile\" style=\"text-align: center;\" class=\"mb-4\">\n<\/div><\/div>\n<h6><em>THE <strong>Bela Cereais<\/strong> works with the best grains on the market and also keeps you up to date with the latest news and analyses on agribusiness.<br \/>\nDon&#039;t forget to follow our social networks.<\/em><\/h6>\n<p><a href=\"https:\/\/www.agrolink.com.br\/noticias\/parana-acelera-plantio-da-primeira-safra-de-milho_518507.html\" target=\"_blank\" rel=\"noopener\">Access News Source <\/a><\/p>","protected":false},"excerpt":{"rendered":"<p>O plantio da primeira safra de milho 2026\/27 avan\u00e7ou nas duas \u00faltimas semanas no Paran\u00e1,&hellip;<\/p>","protected":false},"author":1,"featured_media":27827,"comment_status":"","ping_status":"","sticky":false,"template":"","format":"standard","meta":{"footnotes":""},"categories":[223],"tags":[244,248,255,249,254,250,246,247,256,245,253,252,251],"class_list":["post-28008","post","type-post","status-publish","format-standard","has-post-thumbnail","hentry","category-milho","tag-agrolink","tag-agrotoxicos","tag-artigos-tecnicos","tag-classificados","tag-colunistas","tag-compra","tag-cotacoes","tag-defensivos","tag-eventos","tag-noticias","tag-precos-agricolas","tag-previsao-do-tempo","tag-venda"],"_links":{"self":[{"href":"https:\/\/belacereais.com.br\/en\/wp-json\/wp\/v2\/posts\/28008","targetHints":{"allow":["GET"]}}],"collection":[{"href":"https:\/\/belacereais.com.br\/en\/wp-json\/wp\/v2\/posts"}],"about":[{"href":"https:\/\/belacereais.com.br\/en\/wp-json\/wp\/v2\/types\/post"}],"author":[{"embeddable":true,"href":"https:\/\/belacereais.com.br\/en\/wp-json\/wp\/v2\/users\/1"}],"replies":[{"embeddable":true,"href":"https:\/\/belacereais.com.br\/en\/wp-json\/wp\/v2\/comments?post=28008"}],"version-history":[{"count":0,"href":"https:\/\/belacereais.com.br\/en\/wp-json\/wp\/v2\/posts\/28008\/revisions"}],"wp:featuredmedia":[{"embeddable":true,"href":"https:\/\/belacereais.com.br\/en\/wp-json\/wp\/v2\/media\/27827"}],"wp:attachment":[{"href":"https:\/\/belacereais.com.br\/en\/wp-json\/wp\/v2\/media?parent=28008"}],"wp:term":[{"taxonomy":"category","embeddable":true,"href":"https:\/\/belacereais.com.br\/en\/wp-json\/wp\/v2\/categories?post=28008"},{"taxonomy":"post_tag","embeddable":true,"href":"https:\/\/belacereais.com.br\/en\/wp-json\/wp\/v2\/tags?post=28008"}],"curies":[{"name":"wp","href":"https:\/\/api.w.org\/{rel}","templated":true}]}}