{"id":28009,"date":"2026-09-03T16:59:39","date_gmt":"2026-09-03T20:59:39","guid":{"rendered":"https:\/\/belacereais.com.br\/2026\/safra\/sao-paulo-tera-frio-e-chuva-forte-neste-fim-de-semana\/"},"modified":"2026-09-03T16:59:39","modified_gmt":"2026-09-03T20:59:39","slug":"sao-paulo-tera-frio-e-chuva-forte-neste-fim-de-semana","status":"publish","type":"post","link":"https:\/\/belacereais.com.br\/en\/2026\/safra\/sao-paulo-tera-frio-e-chuva-forte-neste-fim-de-semana\/","title":{"rendered":"S\u00e3o Paulo will experience cold weather and heavy rain this weekend."},"content":{"rendered":"<p><img decoding=\"async\" src=\"http:\/\/www.agrolink.com.br\/upload\/imagens-resizes\/09667fd4f3c241ac8a1defd34b8c25ee_858x483.jpg\" \/><\/p>\n<div class=\"section-description section-description-noticias mt-3\">\n<p style=\"text-align:justify\">A frente fria avan\u00e7a por S\u00e3o Paulo neste fim de semana e deve aumentar a nebulosidade, provocar pancadas de chuva e derrubar as temperaturas em boa parte do estado. Segundo dados divulgados pelo Meteored, o sistema chega acompanhado de uma massa de ar frio, que deve deixar as manh\u00e3s geladas e as tardes amenas ou com sensa\u00e7\u00e3o de frio em algumas localidades.\n<\/p>\n<div id=\"agk_14000_pos_3_sidebar_mobile\" style=\"text-align: center;\" class=\"mb-4\">\n<\/div>\n<div id=\"agk_14000_pos_4_conteudo_desktop\" style=\"text-align: center;\" class=\"d-none d-lg-block mb-md-4\">\n<\/div>\n<p style=\"text-align:justify\">Antes da mudan\u00e7a, S\u00e3o Paulo ter\u00e1 uma breve tr\u00e9gua no tempo. A aproxima\u00e7\u00e3o da frente fria, por\u00e9m, j\u00e1 deve provocar pancadas de chuva isoladas no sul do estado, principalmente nas regi\u00f5es de Itapeva e Registro, incluindo o litoral sul, entre o fim da tarde e a noite de sexta-feira (4).<\/p>\n<p style=\"text-align:justify\">No s\u00e1bado (5), a instabilidade aumenta. Durante a manh\u00e3, s\u00e3o esperadas chuvas moderadas a pontualmente intensas e possibilidade de tempestades no sul e no leste paulista.<\/p>\n<p style=\"text-align:justify\">Entre a tarde e a noite, as tempestades podem ganhar for\u00e7a, com muitas descargas el\u00e9tricas, principalmente em \u00e1reas do centro e do oeste do estado. As chuvas devem atingir todo o territ\u00f3rio paulista, com intensidade moderada a pontualmente intensa.<\/p>\n<p style=\"text-align:justify\">Segundo dados divulgados pelo Meteored, tamb\u00e9m n\u00e3o est\u00e3o descartadas rajadas de vento entre 50 e 60 km\/h. No s\u00e1bado (5), o risco se concentra no interior e no norte do estado a partir da tarde. No domingo (6), as rajadas podem ocorrer no interior e no leste, al\u00e9m de eventual queda de granizo.<\/p>\n<p style=\"text-align:justify\">Na capital paulista, a previs\u00e3o indica chuva fraca a moderada a qualquer momento do s\u00e1bado, com possibilidade de trovoadas. O domingo (6) continuar\u00e1 inst\u00e1vel em todo o estado. Entre a madrugada e a manh\u00e3, s\u00e3o esperadas chuvas moderadas a intensas, com risco de tempestades.\n<\/p>\n<div id=\"agk_14000_pos_4_conteudo_mobile\" style=\"text-align: center;\" class=\"mb-4\">\n<\/div>\n<div id=\"agk_14000_pos_5_conteudo_desktop\" style=\"text-align: center;\" class=\"d-none d-lg-block mb-md-4\">\n<\/div>\n<p style=\"text-align:justify\">A partir da tarde, a instabilidade deve ficar mais concentrada no norte e no leste paulista, com trovoadas isoladas. Ao mesmo tempo, o tempo come\u00e7a a melhorar na regi\u00e3o centro-sul. Na capital, o domingo ser\u00e1 de c\u00e9u nublado e chuva fraca ao longo do dia, com possibilidade de trovoadas pela manh\u00e3.<\/p>\n<p style=\"text-align:justify\">A mudan\u00e7a mais significativa ocorre nas temperaturas. Com a passagem da frente fria, uma forte massa de ar frio ingressar\u00e1 no estado e provocar\u00e1 queda acentuada nos term\u00f4metros.<\/p>\n<p style=\"text-align:justify\">Durante o fim de semana, as m\u00ednimas n\u00e3o devem passar de 16\u00b0C em boa parte de S\u00e3o Paulo, principalmente no centro-leste. No sul, na regi\u00e3o de Sorocaba, os term\u00f4metros podem chegar a 10\u00b0C. As m\u00e1ximas tamb\u00e9m ficam mais baixas no leste paulista, com valores entre 12\u00b0C e 18\u00b0C.<\/p>\n<p style=\"text-align:justify\">O frio aumenta ainda mais na segunda-feira (7), feriado da Independ\u00eancia do Brasil. Segundo dados divulgados pelo Meteored, todo o estado ter\u00e1 m\u00ednimas abaixo de 15\u00b0C.<\/p>\n<p style=\"text-align:justify\">No sul, no leste e no Vale do Para\u00edba, algumas localidades podem registrar temperaturas entre 5\u00b0C e 7\u00b0C. A previs\u00e3o indica 6\u00b0C em Ribeir\u00e3o Branco e Campos do Jord\u00e3o e 7\u00b0C em Ribeir\u00e3o Grande.<\/p>\n<p style=\"text-align:justify\">Durante a tarde, o frio tamb\u00e9m ser\u00e1 sentido no centro-leste paulista. As m\u00e1ximas n\u00e3o devem passar de 17\u00b0C nessa regi\u00e3o e podem chegar a apenas 8\u00b0C no sul, na regi\u00e3o de Sorocaba. Na capital paulista, o feriado ser\u00e1 de bastante frio e baixa amplitude t\u00e9rmica. A previs\u00e3o indica m\u00ednima de 10\u00b0C e m\u00e1xima de 13\u00b0C.\n<\/p>\n<div id=\"agk_14000_pos_5_conteudo_mobile\" style=\"text-align: center;\" class=\"mb-4\">\n<\/div>\n<p style=\"text-align:justify\">Na segunda-feira (7), a frente fria j\u00e1 estar\u00e1 afastada e o tempo deve voltar a ficar firme em praticamente todo o estado. Nas \u00e1reas litor\u00e2neas, por\u00e9m, ainda podem ocorrer chuviscos devido \u00e0 circula\u00e7\u00e3o de umidade e \u00e0 presen\u00e7a de muitas nuvens. A tend\u00eancia \u00e9 de que o frio continue at\u00e9 meados da pr\u00f3xima semana, mantendo as temperaturas abaixo do padr\u00e3o registrado antes da passagem do sistema.<\/p>\n<\/p><\/div>\n<h6><em>THE <strong>Bela Cereais<\/strong> works with the best grains on the market and also keeps you up to date with the latest news and analyses on agribusiness.<br \/>\nDon&#039;t forget to follow our social networks.<\/em><\/h6>\n<p><a href=\"https:\/\/www.agrolink.com.br\/noticias\/frente-fria-traz-chuvas-intensas-e-frio-de-inverno-para-sp--saiba-o-que-esperar_518509.html\" target=\"_blank\" rel=\"noopener\">Access News Source <\/a><\/p>","protected":false},"excerpt":{"rendered":"<p>A frente fria avan\u00e7a por S\u00e3o Paulo neste fim de semana e deve aumentar a&hellip;<\/p>","protected":false},"author":1,"featured_media":28010,"comment_status":"","ping_status":"","sticky":false,"template":"","format":"standard","meta":{"footnotes":""},"categories":[258],"tags":[244,248,255,249,254,250,246,247,256,245,253,252,251],"class_list":["post-28009","post","type-post","status-publish","format-standard","has-post-thumbnail","hentry","category-safra","tag-agrolink","tag-agrotoxicos","tag-artigos-tecnicos","tag-classificados","tag-colunistas","tag-compra","tag-cotacoes","tag-defensivos","tag-eventos","tag-noticias","tag-precos-agricolas","tag-previsao-do-tempo","tag-venda"],"_links":{"self":[{"href":"https:\/\/belacereais.com.br\/en\/wp-json\/wp\/v2\/posts\/28009","targetHints":{"allow":["GET"]}}],"collection":[{"href":"https:\/\/belacereais.com.br\/en\/wp-json\/wp\/v2\/posts"}],"about":[{"href":"https:\/\/belacereais.com.br\/en\/wp-json\/wp\/v2\/types\/post"}],"author":[{"embeddable":true,"href":"https:\/\/belacereais.com.br\/en\/wp-json\/wp\/v2\/users\/1"}],"replies":[{"embeddable":true,"href":"https:\/\/belacereais.com.br\/en\/wp-json\/wp\/v2\/comments?post=28009"}],"version-history":[{"count":0,"href":"https:\/\/belacereais.com.br\/en\/wp-json\/wp\/v2\/posts\/28009\/revisions"}],"wp:featuredmedia":[{"embeddable":true,"href":"https:\/\/belacereais.com.br\/en\/wp-json\/wp\/v2\/media\/28010"}],"wp:attachment":[{"href":"https:\/\/belacereais.com.br\/en\/wp-json\/wp\/v2\/media?parent=28009"}],"wp:term":[{"taxonomy":"category","embeddable":true,"href":"https:\/\/belacereais.com.br\/en\/wp-json\/wp\/v2\/categories?post=28009"},{"taxonomy":"post_tag","embeddable":true,"href":"https:\/\/belacereais.com.br\/en\/wp-json\/wp\/v2\/tags?post=28009"}],"curies":[{"name":"wp","href":"https:\/\/api.w.org\/{rel}","templated":true}]}}