{"id":28011,"date":"2026-09-03T19:29:20","date_gmt":"2026-09-03T23:29:20","guid":{"rendered":"https:\/\/belacereais.com.br\/2026\/safra\/resumo-do-plano-safra-2026-2027-divulgado-pela-faesp\/"},"modified":"2026-09-03T19:29:20","modified_gmt":"2026-09-03T23:29:20","slug":"resumo-do-plano-safra-2026-2027-divulgado-pela-faesp","status":"publish","type":"post","link":"https:\/\/belacereais.com.br\/en\/2026\/safra\/resumo-do-plano-safra-2026-2027-divulgado-pela-faesp\/","title":{"rendered":"Summary of the 2026\/2027 Harvest Plan released by FAESP."},"content":{"rendered":"<p><img decoding=\"async\" src=\"http:\/\/www.agrolink.com.br\/upload\/imagens-resizes\/bf07a20ba0be449a8ed324f0314f672e_858x483.jpg\" \/><\/p>\n<div class=\"section-description section-description-noticias mt-3\">\n<p>O Departamento Econ\u00f4mico da Federa\u00e7\u00e3o da Agricultura e Pecu\u00e1ria do Estado de S\u00e3o Paulo (FAESP) preparou uma an\u00e1lise completa sobre as diretrizes e recursos do Plano Safra 2026\/2027. O Informe T\u00e9cnico n\u00ba 31\/2026 funciona como um guia pr\u00e1tico para que produtores rurais, sindicatos e lideran\u00e7as do setor compreendam as novas regras e planejem o financiamento da agropecu\u00e1ria brasileira para o ciclo que vai at\u00e9 30 de junho de 2027.\n<\/p>\n<div id=\"agk_14000_pos_3_sidebar_mobile\" style=\"text-align: center;\" class=\"mb-4\">\n<\/div>\n<div id=\"agk_14000_pos_4_conteudo_desktop\" style=\"text-align: center;\" class=\"d-none d-lg-block mb-md-4\">\n<\/div>\n<p>Para esta temporada, o governo federal anunciou um montante total de R$ 610,3 bilh\u00f5es em cr\u00e9dito rural, o que representa um crescimento nominal de 2,6% em compara\u00e7\u00e3o com o volume programado do Plano Safra anterior. Desse total, R$ 525,1 bilh\u00f5es s\u00e3o para a agricultura empresarial e R$ 85,2 bilh\u00f5es para a agricultura familiar.\n<\/p>\n<div id=\"agk_14000_pos_4_conteudo_mobile\" style=\"text-align: center;\" class=\"mb-4\">\n<\/div>\n<div id=\"agk_14000_pos_5_conteudo_desktop\" style=\"text-align: center;\" class=\"d-none d-lg-block mb-md-4\">\n<\/div>\n<p>Ao consultar a \u00edntegra do documento, o leitor ter\u00e1 acesso a um detalhamento dos instrumentos de pol\u00edtica agr\u00edcola para a safra vigente, incluindo: crit\u00e9rios de enquadramento para Pronaf e Pronamp; itens financiados pelos principais programas de investimento e pelas linhas do Pronaf; novas alternativas de cr\u00e9dito; mudan\u00e7as no uso do Zoneamento Agr\u00edcola de Risco Clim\u00e1tico (ZARC) no \u00e2mbito do Programa de Subven\u00e7\u00e3o ao Pr\u00eamio do Seguro Rural (PSR); mudan\u00e7as nas al\u00edquotas do Proagro; limites e percentuais de subven\u00e7\u00e3o via PSR; e pre\u00e7os m\u00ednimos de produtos agropecu\u00e1rios para S\u00e3o Paulo, com destaque para os reajustes do <a href=\"https:\/\/www.agrolink.com.br\/culturas\/arroz\/?utm_source=agrolink-detalhe-noticia&amp;utm_medium=detalhe-noticia&amp;utm_campaign=links-internos\" target=\"_blank\" rel=\"noopener\">rice<\/a> (+10,55%), <a href=\"https:\/\/www.agrolink.com.br\/culturas\/feijao\/?utm_source=agrolink-detalhe-noticia&amp;utm_medium=detalhe-noticia&amp;utm_campaign=links-internos\" target=\"_blank\" rel=\"noopener\">bean<\/a> preto (+9,66%) e <a href=\"https:\/\/www.agrolink.com.br\/culturas\/soja?utm_source=agrolink-detalhe-noticia&amp;utm_medium=detalhe-noticia&amp;utm_campaign=links-internos\" target=\"_blank\" rel=\"noopener\">soy<\/a> (+7,46%).\n<\/p>\n<div id=\"agk_14000_pos_5_conteudo_mobile\" style=\"text-align: center;\" class=\"mb-4\">\n<\/div><\/div>\n<h6><em>THE <strong>Bela Cereais<\/strong> works with the best grains on the market and also keeps you up to date with the latest news and analyses on agribusiness.<br \/>\nDon&#039;t forget to follow our social networks.<\/em><\/h6>\n<p><a href=\"https:\/\/www.agrolink.com.br\/noticias\/faesp-divulga-informe-tecnico-detalhado-sobre-o-plano-safra-2026-2027_518528.html\" target=\"_blank\" rel=\"noopener\">Access News Source <\/a><\/p>","protected":false},"excerpt":{"rendered":"<p>O Departamento Econ\u00f4mico da Federa\u00e7\u00e3o da Agricultura e Pecu\u00e1ria do Estado de S\u00e3o Paulo (FAESP)&hellip;<\/p>","protected":false},"author":1,"featured_media":28012,"comment_status":"","ping_status":"","sticky":false,"template":"","format":"standard","meta":{"footnotes":""},"categories":[258],"tags":[244,248,255,249,254,250,246,247,256,245,253,252,251],"class_list":["post-28011","post","type-post","status-publish","format-standard","has-post-thumbnail","hentry","category-safra","tag-agrolink","tag-agrotoxicos","tag-artigos-tecnicos","tag-classificados","tag-colunistas","tag-compra","tag-cotacoes","tag-defensivos","tag-eventos","tag-noticias","tag-precos-agricolas","tag-previsao-do-tempo","tag-venda"],"_links":{"self":[{"href":"https:\/\/belacereais.com.br\/en\/wp-json\/wp\/v2\/posts\/28011","targetHints":{"allow":["GET"]}}],"collection":[{"href":"https:\/\/belacereais.com.br\/en\/wp-json\/wp\/v2\/posts"}],"about":[{"href":"https:\/\/belacereais.com.br\/en\/wp-json\/wp\/v2\/types\/post"}],"author":[{"embeddable":true,"href":"https:\/\/belacereais.com.br\/en\/wp-json\/wp\/v2\/users\/1"}],"replies":[{"embeddable":true,"href":"https:\/\/belacereais.com.br\/en\/wp-json\/wp\/v2\/comments?post=28011"}],"version-history":[{"count":0,"href":"https:\/\/belacereais.com.br\/en\/wp-json\/wp\/v2\/posts\/28011\/revisions"}],"wp:featuredmedia":[{"embeddable":true,"href":"https:\/\/belacereais.com.br\/en\/wp-json\/wp\/v2\/media\/28012"}],"wp:attachment":[{"href":"https:\/\/belacereais.com.br\/en\/wp-json\/wp\/v2\/media?parent=28011"}],"wp:term":[{"taxonomy":"category","embeddable":true,"href":"https:\/\/belacereais.com.br\/en\/wp-json\/wp\/v2\/categories?post=28011"},{"taxonomy":"post_tag","embeddable":true,"href":"https:\/\/belacereais.com.br\/en\/wp-json\/wp\/v2\/tags?post=28011"}],"curies":[{"name":"wp","href":"https:\/\/api.w.org\/{rel}","templated":true}]}}