{"id":28015,"date":"2026-09-04T05:49:40","date_gmt":"2026-09-04T09:49:40","guid":{"rendered":"https:\/\/belacereais.com.br\/2026\/milho\/precos-do-milho-resistem-com-vendas-mais-cautelosas\/"},"modified":"2026-09-04T05:49:40","modified_gmt":"2026-09-04T09:49:40","slug":"precos-do-milho-resistem-com-vendas-mais-cautelosas","status":"publish","type":"post","link":"https:\/\/belacereais.com.br\/en\/2026\/milho\/precos-do-milho-resistem-com-vendas-mais-cautelosas\/","title":{"rendered":"Corn prices hold up amid more cautious sales."},"content":{"rendered":"<p><img decoding=\"async\" src=\"http:\/\/www.agrolink.com.br\/upload\/imagens-resizes\/6b0d3abbd6884b828203b793a22aff0c_858x483.jpg\" \/><\/p>\n<div class=\"section-description section-description-noticias mt-3\">\n<p>The market of <a href=\"https:\/\/www.agrolink.com.br\/culturas\/milho?utm_source=agrolink-detalhe-noticia&amp;utm_medium=detalhe-noticia&amp;utm_campaign=links-internos%09\" target=\"_blank\" rel=\"noopener\">corn<\/a> apresenta negocia\u00e7\u00f5es pontuais no Sul e em Mato Grosso do Sul, com compradores cautelosos, produtores mais seletivos e pre\u00e7os sustentados em meio ao avan\u00e7o da nova safra e \u00e0 reta final da colheita em algumas regi\u00f5es. Segundo a TF Agroecon\u00f4mica, a combina\u00e7\u00e3o entre oferta mais restrita, demanda de reposi\u00e7\u00e3o e maior firmeza dos vendedores tem limitado a liquidez, mas segue dando suporte \u00e0s cota\u00e7\u00f5es.\n<\/p>\n<div id=\"agk_14000_pos_3_sidebar_mobile\" style=\"text-align: center;\" class=\"mb-4\">\n<\/div>\n<div id=\"agk_14000_pos_4_conteudo_desktop\" style=\"text-align: center;\" class=\"d-none d-lg-block mb-md-4\">\n<\/div>\n<p>No Rio Grande do Sul, as indica\u00e7\u00f5es variam entre R$ 59 e R$ 70 por saca. O pre\u00e7o m\u00e9dio estadual, conforme a Emater, subiu 1,43% na semana, para R$ 61,09. O plantio da safra 2026\/27 avan\u00e7ou com a melhora das condi\u00e7\u00f5es de campo, e a \u00e1rea estimada chega a 896,4 mil hectares, alta de 7,42%. A produ\u00e7\u00e3o projetada \u00e9 de 6,91 milh\u00f5es de toneladas.\n<\/p>\n<div id=\"agk_14000_pos_4_conteudo_mobile\" style=\"text-align: center;\" class=\"mb-4\">\n<\/div>\n<div id=\"agk_14000_pos_5_conteudo_desktop\" style=\"text-align: center;\" class=\"d-none d-lg-block mb-md-4\">\n<\/div>\n<p>Em Santa Catarina, as refer\u00eancias permanecem pr\u00f3ximas de R$ 60 por saca, enquanto a demanda est\u00e1 ao redor de R$ 55. O estado consome cerca de 8,5 milh\u00f5es de toneladas de milho por ano e produziu 2,67 milh\u00f5es na safra 2025\/26, mantendo d\u00e9ficit pr\u00f3ximo de 6 milh\u00f5es de toneladas e depend\u00eancia de cereal vindo de outras regi\u00f5es e do Paraguai.\n<\/p>\n<div id=\"agk_14000_pos_5_conteudo_mobile\" style=\"text-align: center;\" class=\"mb-4\">\n<\/div>\n<p>No Paran\u00e1, as indica\u00e7\u00f5es de compra tamb\u00e9m ficam pr\u00f3ximas de R$ 60 por saca. A colheita da segunda safra atingiu 89% da \u00e1rea. J\u00e1 o plantio da primeira safra 2026\/27 chegou a 18% dos 373 mil hectares previstos, segundo o Deral.<\/p>\n<p>Em Mato Grosso do Sul, as cota\u00e7\u00f5es variam de R$ 54 a R$ 57 por saca. A maior firmeza dos vendedores e as compras da ind\u00fastria de bioenergia contribuem para a sustenta\u00e7\u00e3o dos pre\u00e7os, embora os neg\u00f3cios continuem ocorrendo de forma pontual.<br \/>\n\u00a0<\/p>\n<\/p><\/div>\n<h6><em>THE <strong>Bela Cereais<\/strong> works with the best grains on the market and also keeps you up to date with the latest news and analyses on agribusiness.<br \/>\nDon&#039;t forget to follow our social networks.<\/em><\/h6>\n<p><a href=\"https:\/\/www.agrolink.com.br\/noticias\/precos-do-milho-resistem-com-vendas-mais-cautelosas_518530.html\" target=\"_blank\" rel=\"noopener\">Access News Source <\/a><\/p>","protected":false},"excerpt":{"rendered":"<p>O mercado de milho apresenta negocia\u00e7\u00f5es pontuais no Sul e em Mato Grosso do Sul,&hellip;<\/p>","protected":false},"author":1,"featured_media":27839,"comment_status":"","ping_status":"","sticky":false,"template":"","format":"standard","meta":{"footnotes":""},"categories":[223],"tags":[244,248,255,249,254,250,246,247,256,245,253,252,251],"class_list":["post-28015","post","type-post","status-publish","format-standard","has-post-thumbnail","hentry","category-milho","tag-agrolink","tag-agrotoxicos","tag-artigos-tecnicos","tag-classificados","tag-colunistas","tag-compra","tag-cotacoes","tag-defensivos","tag-eventos","tag-noticias","tag-precos-agricolas","tag-previsao-do-tempo","tag-venda"],"_links":{"self":[{"href":"https:\/\/belacereais.com.br\/en\/wp-json\/wp\/v2\/posts\/28015","targetHints":{"allow":["GET"]}}],"collection":[{"href":"https:\/\/belacereais.com.br\/en\/wp-json\/wp\/v2\/posts"}],"about":[{"href":"https:\/\/belacereais.com.br\/en\/wp-json\/wp\/v2\/types\/post"}],"author":[{"embeddable":true,"href":"https:\/\/belacereais.com.br\/en\/wp-json\/wp\/v2\/users\/1"}],"replies":[{"embeddable":true,"href":"https:\/\/belacereais.com.br\/en\/wp-json\/wp\/v2\/comments?post=28015"}],"version-history":[{"count":0,"href":"https:\/\/belacereais.com.br\/en\/wp-json\/wp\/v2\/posts\/28015\/revisions"}],"wp:featuredmedia":[{"embeddable":true,"href":"https:\/\/belacereais.com.br\/en\/wp-json\/wp\/v2\/media\/27839"}],"wp:attachment":[{"href":"https:\/\/belacereais.com.br\/en\/wp-json\/wp\/v2\/media?parent=28015"}],"wp:term":[{"taxonomy":"category","embeddable":true,"href":"https:\/\/belacereais.com.br\/en\/wp-json\/wp\/v2\/categories?post=28015"},{"taxonomy":"post_tag","embeddable":true,"href":"https:\/\/belacereais.com.br\/en\/wp-json\/wp\/v2\/tags?post=28015"}],"curies":[{"name":"wp","href":"https:\/\/api.w.org\/{rel}","templated":true}]}}