{"id":28018,"date":"2026-09-04T07:29:28","date_gmt":"2026-09-04T11:29:28","guid":{"rendered":"https:\/\/belacereais.com.br\/2026\/safra\/irregularidade-da-chuva-preocupa-inicio-da-soja\/"},"modified":"2026-09-04T07:29:28","modified_gmt":"2026-09-04T11:29:28","slug":"irregularidade-da-chuva-preocupa-inicio-da-soja","status":"publish","type":"post","link":"https:\/\/belacereais.com.br\/en\/2026\/safra\/irregularidade-da-chuva-preocupa-inicio-da-soja\/","title":{"rendered":"Irregular rainfall is a concern at the start of the soybean planting season."},"content":{"rendered":"<p><img decoding=\"async\" src=\"http:\/\/www.agrolink.com.br\/upload\/imagens-resizes\/62c8fb5728794e51a7397155aa82fc05_858x483.jpg\" \/><\/p>\n<div class=\"section-description section-description-noticias mt-3\">\n<p>A irregularidade das chuvas ainda preocupa o in\u00edcio do plantio da safra de ver\u00e3o no Brasil Central, enquanto \u00e1reas do Sul e do Sudeste devem receber volumes mais expressivos nos pr\u00f3ximos dias. Segundo a Ampere Meteorologia, o avan\u00e7o de um sistema frontal deve levar precipita\u00e7\u00f5es ao Sul e ao Sudeste, enquanto novas frentes previstas para setembro ter\u00e3o papel na reposi\u00e7\u00e3o gradual da umidade nas \u00e1reas centrais do Pa\u00eds.\n<\/p>\n<div id=\"agk_14000_pos_3_sidebar_mobile\" style=\"text-align: center;\" class=\"mb-4\">\n<\/div>\n<div id=\"agk_14000_pos_4_conteudo_desktop\" style=\"text-align: center;\" class=\"d-none d-lg-block mb-md-4\">\n<\/div>\n<p>No Brasil Central, a combina\u00e7\u00e3o entre maior disponibilidade de umidade e aquecimento entre os per\u00edodos chuvosos pode favorecer tempestades localizadas. O cen\u00e1rio, por\u00e9m, ainda n\u00e3o indica o in\u00edcio efetivo da esta\u00e7\u00e3o chuvosa, j\u00e1 que a previs\u00e3o aponta altern\u00e2ncia entre epis\u00f3dios de chuva e intervalos mais secos.<\/p>\n<p>A situa\u00e7\u00e3o exige aten\u00e7\u00e3o principalmente em Mato Grosso e Goi\u00e1s, onde produtores se preparam para o plantio da soja. Em Primavera do Leste, em Mato Grosso, e Jata\u00ed, em Goi\u00e1s, os volumes previstos para os pr\u00f3ximos sete dias n\u00e3o devem ser suficientes para recuperar sequer 10% da umidade do solo. Uma melhora mais consistente \u00e9 esperada a partir de outubro.\n<\/p>\n<div id=\"agk_14000_pos_4_conteudo_mobile\" style=\"text-align: center;\" class=\"mb-4\">\n<\/div>\n<div id=\"agk_14000_pos_5_conteudo_desktop\" style=\"text-align: center;\" class=\"d-none d-lg-block mb-md-4\">\n<\/div>\n<p>Caso a irregularidade persista, algumas \u00e1reas agr\u00edcolas dos dois estados podem enfrentar atraso na implanta\u00e7\u00e3o das lavouras de sequeiro. No Sul e em parte do Sudeste, por outro lado, as condi\u00e7\u00f5es h\u00eddricas s\u00e3o consideradas satisfat\u00f3rias, com previs\u00e3o de acumulados expressivos no Paran\u00e1, Mato Grosso do Sul, S\u00e3o Paulo, Rio de Janeiro e sul de Minas Gerais.<\/p>\n<p>A frequ\u00eancia ou o excesso de chuva tamb\u00e9m pode dificultar a entrada de m\u00e1quinas no campo e elevar a preocupa\u00e7\u00e3o com doen\u00e7as f\u00fangicas no trigo. No Rio Grande do Sul e em Santa Catarina, h\u00e1 ainda potencial para geadas de fraca a moderada intensidade entre 6 e 8 de setembro.<br \/>\n\u00a0\n<\/p>\n<div id=\"agk_14000_pos_5_conteudo_mobile\" style=\"text-align: center;\" class=\"mb-4\">\n<\/div><\/div>\n<h6><em>THE <strong>Bela Cereais<\/strong> works with the best grains on the market and also keeps you up to date with the latest news and analyses on agribusiness.<br \/>\nDon&#039;t forget to follow our social networks.<\/em><\/h6>\n<p><a href=\"https:\/\/www.agrolink.com.br\/noticias\/irregularidade-da-chuva-preocupa-inicio-da-soja_518533.html\" target=\"_blank\" rel=\"noopener\">Access News Source <\/a><\/p>","protected":false},"excerpt":{"rendered":"<p>A irregularidade das chuvas ainda preocupa o in\u00edcio do plantio da safra de ver\u00e3o no&hellip;<\/p>","protected":false},"author":1,"featured_media":27869,"comment_status":"","ping_status":"","sticky":false,"template":"","format":"standard","meta":{"footnotes":""},"categories":[258],"tags":[244,248,255,249,254,250,246,247,256,245,253,252,251],"class_list":["post-28018","post","type-post","status-publish","format-standard","has-post-thumbnail","hentry","category-safra","tag-agrolink","tag-agrotoxicos","tag-artigos-tecnicos","tag-classificados","tag-colunistas","tag-compra","tag-cotacoes","tag-defensivos","tag-eventos","tag-noticias","tag-precos-agricolas","tag-previsao-do-tempo","tag-venda"],"_links":{"self":[{"href":"https:\/\/belacereais.com.br\/en\/wp-json\/wp\/v2\/posts\/28018","targetHints":{"allow":["GET"]}}],"collection":[{"href":"https:\/\/belacereais.com.br\/en\/wp-json\/wp\/v2\/posts"}],"about":[{"href":"https:\/\/belacereais.com.br\/en\/wp-json\/wp\/v2\/types\/post"}],"author":[{"embeddable":true,"href":"https:\/\/belacereais.com.br\/en\/wp-json\/wp\/v2\/users\/1"}],"replies":[{"embeddable":true,"href":"https:\/\/belacereais.com.br\/en\/wp-json\/wp\/v2\/comments?post=28018"}],"version-history":[{"count":0,"href":"https:\/\/belacereais.com.br\/en\/wp-json\/wp\/v2\/posts\/28018\/revisions"}],"wp:featuredmedia":[{"embeddable":true,"href":"https:\/\/belacereais.com.br\/en\/wp-json\/wp\/v2\/media\/27869"}],"wp:attachment":[{"href":"https:\/\/belacereais.com.br\/en\/wp-json\/wp\/v2\/media?parent=28018"}],"wp:term":[{"taxonomy":"category","embeddable":true,"href":"https:\/\/belacereais.com.br\/en\/wp-json\/wp\/v2\/categories?post=28018"},{"taxonomy":"post_tag","embeddable":true,"href":"https:\/\/belacereais.com.br\/en\/wp-json\/wp\/v2\/tags?post=28018"}],"curies":[{"name":"wp","href":"https:\/\/api.w.org\/{rel}","templated":true}]}}