{"id":28019,"date":"2026-09-04T08:20:21","date_gmt":"2026-09-04T12:20:21","guid":{"rendered":"https:\/\/belacereais.com.br\/2026\/milho\/trigo-recua-enquanto-milho-e-soja-mostram-suporte\/"},"modified":"2026-09-04T08:20:21","modified_gmt":"2026-09-04T12:20:21","slug":"trigo-recua-enquanto-milho-e-soja-mostram-suporte","status":"publish","type":"post","link":"https:\/\/belacereais.com.br\/en\/2026\/milho\/trigo-recua-enquanto-milho-e-soja-mostram-suporte\/","title":{"rendered":"Wheat prices fall while corn and soybeans show support."},"content":{"rendered":"<p><img decoding=\"async\" src=\"http:\/\/www.agrolink.com.br\/upload\/imagens-resizes\/354f20a12c2d43cf8d565d991e7d76f1_858x483.jpg\" \/><\/p>\n<div class=\"section-description section-description-noticias mt-3\">\n<p>Agricultural markets open under pressure this Friday. <a href=\"https:\/\/www.agrolink.com.br\/culturas\/trigo\/?utm_source=agrolink-detalhe-noticia&amp;utm_medium=detalhe-noticia&amp;utm_campaign=links-internos\" target=\"_blank\" rel=\"noopener\">wheat<\/a>greater resistance in <a href=\"https:\/\/www.agrolink.com.br\/culturas\/milho?utm_source=agrolink-detalhe-noticia&amp;utm_medium=detalhe-noticia&amp;utm_campaign=links-internos%09\" target=\"_blank\" rel=\"noopener\">corn<\/a> and additional support for the <a href=\"https:\/\/www.agrolink.com.br\/culturas\/soja?utm_source=agrolink-detalhe-noticia&amp;utm_medium=detalhe-noticia&amp;utm_campaign=links-internos\" target=\"_blank\" rel=\"noopener\">soy<\/a>in an environment marked by geopolitical, climatic, and exchange rate factors. According to TF Agroecon\u00f4mica, the most intense reaction occurred in <a href=\"https:\/\/www.agrolink.com.br\/culturas\/trigo\/?utm_source=agrolink-detalhe-noticia&amp;utm_medium=detalhe-noticia&amp;utm_campaign=links-internos\" target=\"_blank\" rel=\"noopener\">wheat<\/a> Following Vladimir Putin&#039;s statements about the possibility of a peace agreement with Ukraine, the perceived risk in the Black Sea was temporarily reduced.\n<\/p>\n<div id=\"agk_14000_pos_3_sidebar_mobile\" style=\"text-align: center;\" class=\"mb-4\">\n<\/div>\n<div id=\"agk_14000_pos_4_conteudo_desktop\" style=\"text-align: center;\" class=\"d-none d-lg-block mb-md-4\">\n<\/div>\n<p>On Euronext, wheat for December 2026 delivery reached \u20ac13.75 per ton before recovering some of its losses. The strengthening of the euro against the dollar also weighed on European wheat by reducing the competitiveness of exports. In Chicago, wheat experienced profit-taking after recent highs, reinforced by market sensitivity to news involving Russia and Ukraine.<\/p>\n<p>International demand remains a point of attention. Saudi Arabia is holding a tender for the purchase of 535,000 tons of wheat, with delivery between November and December, as it seeks alternatives to Russian and Ukrainian volumes affected by restrictions and logistical difficulties.\n<\/p>\n<div id=\"agk_14000_pos_4_conteudo_mobile\" style=\"text-align: center;\" class=\"mb-4\">\n<\/div>\n<div id=\"agk_14000_pos_5_conteudo_desktop\" style=\"text-align: center;\" class=\"d-none d-lg-block mb-md-4\">\n<\/div>\n<p>In the corn market, the pressure was lower. The market finds support in expectations of a possible reduction in US production and in the hot, dry weather in the center of the country. Soybeans, on the other hand, are supported by the strength of oil prices and Chinese purchases. The USDA reported a new sale of 192,000 tons of US soybeans to China, relating to the 2026\/27 crop.<\/p>\n<p>The exchange rate also remains on the radar, with attention focused on the upcoming meetings of the European Central Bank and the Federal Reserve. Over the next few days, the direction of prices will depend on the balance between profit-taking and fundamentals such as weather, demand, exports, and the evolution of tensions in the Black Sea.\n<\/p>\n<div id=\"agk_14000_pos_5_conteudo_mobile\" style=\"text-align: center;\" class=\"mb-4\">\n<\/div>\n<p>\n\u00a0<\/p>\n<\/p><\/div>\n<h6><em>THE <strong>Bela Cereais<\/strong> works with the best grains on the market and also keeps you up to date with the latest news and analyses on agribusiness.<br \/>\nDon&#039;t forget to follow our social networks.<\/em><\/h6>\n<p><a href=\"https:\/\/www.agrolink.com.br\/noticias\/trigo-recua-enquanto-milho-e-soja-mostram-suporte_518537.html\" target=\"_blank\" rel=\"noopener\">Access News Source <\/a><\/p>","protected":false},"excerpt":{"rendered":"<p>Os mercados agr\u00edcolas iniciam esta sexta-feira sob press\u00e3o no trigo, maior resist\u00eancia no milho e&hellip;<\/p>","protected":false},"author":1,"featured_media":28020,"comment_status":"","ping_status":"","sticky":false,"template":"","format":"standard","meta":{"footnotes":""},"categories":[223],"tags":[244,248,255,249,254,250,246,247,256,245,253,252,251],"class_list":["post-28019","post","type-post","status-publish","format-standard","has-post-thumbnail","hentry","category-milho","tag-agrolink","tag-agrotoxicos","tag-artigos-tecnicos","tag-classificados","tag-colunistas","tag-compra","tag-cotacoes","tag-defensivos","tag-eventos","tag-noticias","tag-precos-agricolas","tag-previsao-do-tempo","tag-venda"],"_links":{"self":[{"href":"https:\/\/belacereais.com.br\/en\/wp-json\/wp\/v2\/posts\/28019","targetHints":{"allow":["GET"]}}],"collection":[{"href":"https:\/\/belacereais.com.br\/en\/wp-json\/wp\/v2\/posts"}],"about":[{"href":"https:\/\/belacereais.com.br\/en\/wp-json\/wp\/v2\/types\/post"}],"author":[{"embeddable":true,"href":"https:\/\/belacereais.com.br\/en\/wp-json\/wp\/v2\/users\/1"}],"replies":[{"embeddable":true,"href":"https:\/\/belacereais.com.br\/en\/wp-json\/wp\/v2\/comments?post=28019"}],"version-history":[{"count":0,"href":"https:\/\/belacereais.com.br\/en\/wp-json\/wp\/v2\/posts\/28019\/revisions"}],"wp:featuredmedia":[{"embeddable":true,"href":"https:\/\/belacereais.com.br\/en\/wp-json\/wp\/v2\/media\/28020"}],"wp:attachment":[{"href":"https:\/\/belacereais.com.br\/en\/wp-json\/wp\/v2\/media?parent=28019"}],"wp:term":[{"taxonomy":"category","embeddable":true,"href":"https:\/\/belacereais.com.br\/en\/wp-json\/wp\/v2\/categories?post=28019"},{"taxonomy":"post_tag","embeddable":true,"href":"https:\/\/belacereais.com.br\/en\/wp-json\/wp\/v2\/tags?post=28019"}],"curies":[{"name":"wp","href":"https:\/\/api.w.org\/{rel}","templated":true}]}}