{"id":28024,"date":"2026-09-04T14:49:26","date_gmt":"2026-09-04T18:49:26","guid":{"rendered":"https:\/\/belacereais.com.br\/2026\/milho\/milho-sobe-e-reduz-poder-de-compra-do-produtor-de-ovos\/"},"modified":"2026-09-04T14:49:26","modified_gmt":"2026-09-04T18:49:26","slug":"milho-sobe-e-reduz-poder-de-compra-do-produtor-de-ovos","status":"publish","type":"post","link":"https:\/\/belacereais.com.br\/en\/2026\/milho\/milho-sobe-e-reduz-poder-de-compra-do-produtor-de-ovos\/","title":{"rendered":"Corn prices rise, reducing the purchasing power of egg producers."},"content":{"rendered":"<p><img decoding=\"async\" src=\"http:\/\/www.agrolink.com.br\/upload\/imagens-resizes\/33f430c0c10c470f9b69f05d25388dc2_858x483.jpg\" \/><\/p>\n<div class=\"section-description section-description-noticias mt-3\">\n<p style=\"text-align:justify\">O poder de compra do avicultor paulista frente ao <a href=\"https:\/\/www.agrolink.com.br\/culturas\/milho?utm_source=agrolink-detalhe-noticia&amp;utm_medium=detalhe-noticia&amp;utm_campaign=links-internos%09\" target=\"_blank\" rel=\"noopener\">corn<\/a> e ao farelo de <a href=\"https:\/\/www.agrolink.com.br\/culturas\/soja?utm_source=agrolink-detalhe-noticia&amp;utm_medium=detalhe-noticia&amp;utm_campaign=links-internos\" target=\"_blank\" rel=\"noopener\">soy<\/a> recuou em agosto e atingiu o menor n\u00edvel desde fevereiro deste ano, em termos reais. Segundo dados divulgados pelo Cepea, a rela\u00e7\u00e3o de troca foi pressionada pela alta dos principais insumos consumidos na atividade, mesmo com a recupera\u00e7\u00e3o dos pre\u00e7os dos ovos.\n<\/p>\n<div id=\"agk_14000_pos_3_sidebar_mobile\" style=\"text-align: center;\" class=\"mb-4\">\n<\/div>\n<div id=\"agk_14000_pos_4_conteudo_desktop\" style=\"text-align: center;\" class=\"d-none d-lg-block mb-md-4\">\n<\/div>\n<p style=\"text-align:justify\">Os valores considerados foram deflacionados pelo IGP-DI de julho de 2026. Segundo pesquisadores do Cepea, as altas mais intensas do milho e do farelo de soja entre julho e agosto reduziram o poder de compra do produtor diante desses insumos.<\/p>\n<p style=\"text-align:justify\">Na rela\u00e7\u00e3o com o milho, considerando o Indicador ESALQ\/BM&amp;FBovespa, uma caixa de ovos brancos permitiu ao avicultor paulista adquirir 128,49 quilos do cereal em agosto. J\u00e1 com a venda de uma caixa de ovos vermelhos, foi poss\u00edvel comprar 128,86 quilos de milho no mesmo per\u00edodo.\n<\/p>\n<div id=\"agk_14000_pos_4_conteudo_mobile\" style=\"text-align: center;\" class=\"mb-4\">\n<\/div>\n<div id=\"agk_14000_pos_5_conteudo_desktop\" style=\"text-align: center;\" class=\"d-none d-lg-block mb-md-4\">\n<\/div>\n<p style=\"text-align:justify\">Segundo dados divulgados pelo Cepea, os dois volumes ficaram 1,3% abaixo dos registrados em julho. O resultado representa a segunda retra\u00e7\u00e3o consecutiva do poder de compra do avicultor paulista frente ao milho. Segundo pesquisadores do Cepea, a rela\u00e7\u00e3o de troca alcan\u00e7ou os menores patamares desde fevereiro, considerando os valores em termos reais.\n<\/p>\n<div id=\"agk_14000_pos_5_conteudo_mobile\" style=\"text-align: center;\" class=\"mb-4\">\n<\/div>\n<p style=\"text-align:justify\">Apesar da recupera\u00e7\u00e3o das cota\u00e7\u00f5es dos ovos em agosto, a valoriza\u00e7\u00e3o mais intensa do milho e do farelo de soja reduziu a capacidade de compra da prote\u00edna em rela\u00e7\u00e3o aos principais insumos utilizados na produ\u00e7\u00e3o.<\/p>\n<p style=\"text-align:justify\">O movimento refor\u00e7a a press\u00e3o exercida pelos custos de alimenta\u00e7\u00e3o sobre a atividade av\u00edcola paulista, especialmente diante da valoriza\u00e7\u00e3o dos componentes utilizados na formula\u00e7\u00e3o das dietas.<\/p>\n<\/p><\/div>\n<h6><em>THE <strong>Bela Cereais<\/strong> works with the best grains on the market and also keeps you up to date with the latest news and analyses on agribusiness.<br \/>\nDon&#039;t forget to follow our social networks.<\/em><\/h6>\n<p><a href=\"https:\/\/www.agrolink.com.br\/noticias\/milho-sobe-e-reduz-poder-de-compra-do-produtor-de-ovos_518552.html\" target=\"_blank\" rel=\"noopener\">Access News Source <\/a><\/p>","protected":false},"excerpt":{"rendered":"<p>O poder de compra do avicultor paulista frente ao milho e ao farelo de soja&hellip;<\/p>","protected":false},"author":1,"featured_media":28025,"comment_status":"","ping_status":"","sticky":false,"template":"","format":"standard","meta":{"footnotes":""},"categories":[223],"tags":[244,248,255,249,254,250,246,247,256,245,253,252,251],"class_list":["post-28024","post","type-post","status-publish","format-standard","has-post-thumbnail","hentry","category-milho","tag-agrolink","tag-agrotoxicos","tag-artigos-tecnicos","tag-classificados","tag-colunistas","tag-compra","tag-cotacoes","tag-defensivos","tag-eventos","tag-noticias","tag-precos-agricolas","tag-previsao-do-tempo","tag-venda"],"_links":{"self":[{"href":"https:\/\/belacereais.com.br\/en\/wp-json\/wp\/v2\/posts\/28024","targetHints":{"allow":["GET"]}}],"collection":[{"href":"https:\/\/belacereais.com.br\/en\/wp-json\/wp\/v2\/posts"}],"about":[{"href":"https:\/\/belacereais.com.br\/en\/wp-json\/wp\/v2\/types\/post"}],"author":[{"embeddable":true,"href":"https:\/\/belacereais.com.br\/en\/wp-json\/wp\/v2\/users\/1"}],"replies":[{"embeddable":true,"href":"https:\/\/belacereais.com.br\/en\/wp-json\/wp\/v2\/comments?post=28024"}],"version-history":[{"count":0,"href":"https:\/\/belacereais.com.br\/en\/wp-json\/wp\/v2\/posts\/28024\/revisions"}],"wp:featuredmedia":[{"embeddable":true,"href":"https:\/\/belacereais.com.br\/en\/wp-json\/wp\/v2\/media\/28025"}],"wp:attachment":[{"href":"https:\/\/belacereais.com.br\/en\/wp-json\/wp\/v2\/media?parent=28024"}],"wp:term":[{"taxonomy":"category","embeddable":true,"href":"https:\/\/belacereais.com.br\/en\/wp-json\/wp\/v2\/categories?post=28024"},{"taxonomy":"post_tag","embeddable":true,"href":"https:\/\/belacereais.com.br\/en\/wp-json\/wp\/v2\/tags?post=28024"}],"curies":[{"name":"wp","href":"https:\/\/api.w.org\/{rel}","templated":true}]}}