{"id":28026,"date":"2026-09-04T19:39:27","date_gmt":"2026-09-04T23:39:27","guid":{"rendered":"https:\/\/belacereais.com.br\/2026\/exportacoes\/brasil-pode-voltar-a-exportar-aves-e-mel-para-a-uniao-europeia\/"},"modified":"2026-09-04T19:39:27","modified_gmt":"2026-09-04T23:39:27","slug":"brasil-pode-voltar-a-exportar-aves-e-mel-para-a-uniao-europeia","status":"publish","type":"post","link":"https:\/\/belacereais.com.br\/en\/2026\/exportacoes\/brasil-pode-voltar-a-exportar-aves-e-mel-para-a-uniao-europeia\/","title":{"rendered":"Brazil may resume exporting poultry and honey to the European Union."},"content":{"rendered":"<p><img decoding=\"async\" src=\"http:\/\/www.agrolink.com.br\/upload\/imagens-resizes\/dad1c5d1799045afa821a327c08a6b20_858x483.jpg\" \/><\/p>\n<div class=\"section-description section-description-noticias mt-3\">\n                        O Brasil avan\u00e7ou no processo de retomada das exporta\u00e7\u00f5es de carne de aves e mel para a Uni\u00e3o Europeia. Segundo dados divulgados pelo Minist\u00e9rio da Agricultura e Pecu\u00e1ria (Mapa), a auditoria realizada pelas autoridades sanit\u00e1rias europeias no Brasil foi conclu\u00edda nesta sexta-feira (4\/9), com avalia\u00e7\u00e3o satisfat\u00f3ria dos controles sanit\u00e1rios e procedimentos oficiais adotados nas duas cadeias.\n            <\/div>\n<h6><em>THE <strong>Bela Cereais<\/strong> works with the best grains on the market and also keeps you up to date with the latest news and analyses on agribusiness.<br \/>\nDon&#039;t forget to follow our social networks.<\/em><\/h6>\n<p><a href=\"https:\/\/www.agrolink.com.br\/noticias\/brasil-avanca-na-retomada-das-exportacoes-de-aves-e-mel-para-a-ue_518566.html\" target=\"_blank\" rel=\"noopener\">Access News Source <\/a><\/p>","protected":false},"excerpt":{"rendered":"<p>O Brasil avan\u00e7ou no processo de retomada das exporta\u00e7\u00f5es de carne de aves e mel&hellip;<\/p>","protected":false},"author":1,"featured_media":27715,"comment_status":"","ping_status":"","sticky":false,"template":"","format":"standard","meta":{"footnotes":""},"categories":[7],"tags":[244,248,255,249,254,250,246,247,256,245,253,252,251],"class_list":["post-28026","post","type-post","status-publish","format-standard","has-post-thumbnail","hentry","category-exportacoes","tag-agrolink","tag-agrotoxicos","tag-artigos-tecnicos","tag-classificados","tag-colunistas","tag-compra","tag-cotacoes","tag-defensivos","tag-eventos","tag-noticias","tag-precos-agricolas","tag-previsao-do-tempo","tag-venda"],"_links":{"self":[{"href":"https:\/\/belacereais.com.br\/en\/wp-json\/wp\/v2\/posts\/28026","targetHints":{"allow":["GET"]}}],"collection":[{"href":"https:\/\/belacereais.com.br\/en\/wp-json\/wp\/v2\/posts"}],"about":[{"href":"https:\/\/belacereais.com.br\/en\/wp-json\/wp\/v2\/types\/post"}],"author":[{"embeddable":true,"href":"https:\/\/belacereais.com.br\/en\/wp-json\/wp\/v2\/users\/1"}],"replies":[{"embeddable":true,"href":"https:\/\/belacereais.com.br\/en\/wp-json\/wp\/v2\/comments?post=28026"}],"version-history":[{"count":0,"href":"https:\/\/belacereais.com.br\/en\/wp-json\/wp\/v2\/posts\/28026\/revisions"}],"wp:featuredmedia":[{"embeddable":true,"href":"https:\/\/belacereais.com.br\/en\/wp-json\/wp\/v2\/media\/27715"}],"wp:attachment":[{"href":"https:\/\/belacereais.com.br\/en\/wp-json\/wp\/v2\/media?parent=28026"}],"wp:term":[{"taxonomy":"category","embeddable":true,"href":"https:\/\/belacereais.com.br\/en\/wp-json\/wp\/v2\/categories?post=28026"},{"taxonomy":"post_tag","embeddable":true,"href":"https:\/\/belacereais.com.br\/en\/wp-json\/wp\/v2\/tags?post=28026"}],"curies":[{"name":"wp","href":"https:\/\/api.w.org\/{rel}","templated":true}]}}